{"id":35808,"date":"2024-05-22T11:29:00","date_gmt":"2024-05-22T14:29:00","guid":{"rendered":"https:\/\/radioimprensa.com.br\/?p=35808"},"modified":"2024-05-23T11:12:01","modified_gmt":"2024-05-23T14:12:01","slug":"receita-abrira-consultas-a-primeiro-lote-das-restituicoes-do-ir","status":"publish","type":"post","link":"https:\/\/radioimprensa.com.br\/index.php\/2024\/05\/22\/receita-abrira-consultas-a-primeiro-lote-das-restituicoes-do-ir\/","title":{"rendered":"Receita abriu consultas a primeiro lote das restitui\u00e7\u00f5es do IR"},"content":{"rendered":"\n<p>A Receita Federal liberou as consultas ao primeiro dos cinco lotes de restitui\u00e7\u00e3o de 2023, com a inclus\u00e3o de todos os contribuintes do Rio Grande do Sul com direito a receber. O lote tamb\u00e9m contempla restitui\u00e7\u00f5es residuais de anos anteriores.<\/p>\n\n\n\n<p>Ao todo, 5.562.065 contribuintes receber\u00e3o R$ 9,5 bilh\u00f5es. Todo o valor, informou o Fisco, ir\u00e1 para contribuintes com prioridade no reembolso. Por causa das enchentes no&nbsp;Rio Grande do Sul&nbsp;neste ano, os contribuintes ga\u00fachos foram inclu\u00eddos na lista de prioridades.<\/p>\n\n\n\n<p>A maior parte, 2.595.933 contribuintes t\u00eam entre 60 e 79 anos. Em seguida, h\u00e1 1.105.772 contribuintes cuja maior fonte de renda \u00e9&nbsp;o magist\u00e9rio. Em terceiro, v\u00eam 886.260 declara\u00e7\u00f5es de contribuintes ga\u00fachos, incluindo exerc\u00edcios anteriores, totalizando mais de R$ 1 bilh\u00e3o.<\/p>\n\n\n\n<p>Em quarto lugar, est\u00e3o 787.747 contribuintes que informaram a chave Pix do tipo Cadastro de Pessoas F\u00edsicas (CPF) na declara\u00e7\u00e3o do Imposto de Renda ou usaram a declara\u00e7\u00e3o pr\u00e9-preenchida. Desde o ano passado, a informa\u00e7\u00e3o da chave Pix d\u00e1 prioridade no recebimento. O restante dos contribuintes \u00e9 formado por&nbsp;258.877 idosos acima de 80 anos e 162.902 contribuintes com alguma defici\u00eancia f\u00edsica ou mental ou mol\u00e9stia grave.<\/p>\n\n\n\n<p>A consulta poder\u00e1 ser feita na&nbsp;p\u00e1gina da Receita&nbsp;Federal na internet. Basta o contribuinte clicar em \u201cMeu Imposto de Renda\u201d e, em seguida, no bot\u00e3o \u201cConsultar a Restitui\u00e7\u00e3o\u201d. Tamb\u00e9m \u00e9 poss\u00edvel fazer a consulta no aplicativo da Receita Federal para&nbsp;<em>tablets<\/em>&nbsp;e<em>&nbsp;smartphones<\/em>.<\/p>\n\n\n\n<p>Fonte: Ag\u00eancia Brasil \/ Foto: Arquivo Ag\u00eancia Brasil<\/p>\n","protected":false},"excerpt":{"rendered":"<p>A Receita Federal liberou as consultas ao primeiro dos cinco lotes de restitui\u00e7\u00e3o de 2023, com a inclus\u00e3o de todos os contribuintes do Rio Grande do Sul com direito a receber. O lote tamb\u00e9m contempla restitui\u00e7\u00f5es residuais de anos anteriores. Ao todo, 5.562.065 contribuintes receber\u00e3o R$ 9,5 bilh\u00f5es. Todo o valor, informou o Fisco, ir\u00e1 &hellip; <\/p>\n","protected":false},"author":1,"featured_media":25286,"comment_status":"open","ping_status":"open","sticky":false,"template":"","format":"standard","meta":{"footnotes":""},"categories":[4],"tags":[],"class_list":["post-35808","post","type-post","status-publish","format-standard","has-post-thumbnail","hentry","category-noticias"],"_links":{"self":[{"href":"https:\/\/radioimprensa.com.br\/index.php\/wp-json\/wp\/v2\/posts\/35808","targetHints":{"allow":["GET"]}}],"collection":[{"href":"https:\/\/radioimprensa.com.br\/index.php\/wp-json\/wp\/v2\/posts"}],"about":[{"href":"https:\/\/radioimprensa.com.br\/index.php\/wp-json\/wp\/v2\/types\/post"}],"author":[{"embeddable":true,"href":"https:\/\/radioimprensa.com.br\/index.php\/wp-json\/wp\/v2\/users\/1"}],"replies":[{"embeddable":true,"href":"https:\/\/radioimprensa.com.br\/index.php\/wp-json\/wp\/v2\/comments?post=35808"}],"version-history":[{"count":2,"href":"https:\/\/radioimprensa.com.br\/index.php\/wp-json\/wp\/v2\/posts\/35808\/revisions"}],"predecessor-version":[{"id":35817,"href":"https:\/\/radioimprensa.com.br\/index.php\/wp-json\/wp\/v2\/posts\/35808\/revisions\/35817"}],"wp:featuredmedia":[{"embeddable":true,"href":"https:\/\/radioimprensa.com.br\/index.php\/wp-json\/wp\/v2\/media\/25286"}],"wp:attachment":[{"href":"https:\/\/radioimprensa.com.br\/index.php\/wp-json\/wp\/v2\/media?parent=35808"}],"wp:term":[{"taxonomy":"category","embeddable":true,"href":"https:\/\/radioimprensa.com.br\/index.php\/wp-json\/wp\/v2\/categories?post=35808"},{"taxonomy":"post_tag","embeddable":true,"href":"https:\/\/radioimprensa.com.br\/index.php\/wp-json\/wp\/v2\/tags?post=35808"}],"curies":[{"name":"wp","href":"https:\/\/api.w.org\/{rel}","templated":true}]}}