{"id":35820,"date":"2024-05-25T10:22:21","date_gmt":"2024-05-25T13:22:21","guid":{"rendered":"https:\/\/radioimprensa.com.br\/?p=35820"},"modified":"2024-05-25T10:22:22","modified_gmt":"2024-05-25T13:22:22","slug":"bc-libera-novo-lote-de-moeda-comemorativa","status":"publish","type":"post","link":"https:\/\/radioimprensa.com.br\/index.php\/2024\/05\/25\/bc-libera-novo-lote-de-moeda-comemorativa\/","title":{"rendered":"BC libera novo lote de moeda comemorativa"},"content":{"rendered":"\n<p>Os colecionadores poder\u00e3o comprar, a partir desta sexta-feira (24), a\u00a0\u00a0moeda em comemora\u00e7\u00e3o aos 200 anos da primeira Constitui\u00e7\u00e3o\u00a0brasileira. O Banco Central (BC) libera novo lote de 4 mil pe\u00e7as. Produzida em prata, a moeda ter\u00e1 valor de face de R$ 5, mas ser\u00e1 vendida por R$ 440.<\/p>\n\n\n\n<p>A venda ser\u00e1 feita exclusivamente pelo site\u00a0Clube da Medalha\u00a0, mantido pela Casa da Moeda. Em abril, o BC tinha produzido 3 mil unidades, mas informou que o n\u00famero poderia subir para at\u00e9 10 mil pe\u00e7as, dependendo do sucesso.<\/p>\n\n\n\n<p>O anverso (frente) da moeda apresenta o livro da primeira Constitui\u00e7\u00e3o brasileira aberto com as p\u00e1ginas retratadas em cor s\u00e9pia, que representa a passagem do tempo. A pena estilizada e o texto manuscrito remetem \u00e0 forma como o livro, h\u00e1 200 anos, foi redigido. Esta \u00e9 a primeira vez que o recurso da cor \u00e9 utilizado em uma moeda de prata no Brasil.<\/p>\n\n\n\n<p>O reverso (parte de tr\u00e1s) mostra o pr\u00e9dio do Congresso Nacional, s\u00edmbolo do Poder Legislativo. O conjunto arquitet\u00f4nico do Congresso, composto por duas c\u00fapulas, uma voltada para cima e outra para baixo, representa o Poder Legislativo bicameral, modelo proposto j\u00e1 na primeira Carta Magna do Brasil, com as duas C\u00e2maras, de deputados e de senadores, que formavam a Assembleia Geral.<\/p>\n\n\n\n<p>A moeda comemorativa foi lan\u00e7ada em abril em evento no Sal\u00e3o Nobre da C\u00e2mara dos Deputados. O evento teve a presen\u00e7a de representantes do BC, da Casa da Moeda e da C\u00e2mara.<\/p>\n\n\n\n<p>Fonte: IG \/ Foto: Divulga\u00e7\u00e3o BC<\/p>\n","protected":false},"excerpt":{"rendered":"<p>Os colecionadores poder\u00e3o comprar, a partir desta sexta-feira (24), a\u00a0\u00a0moeda em comemora\u00e7\u00e3o aos 200 anos da primeira Constitui\u00e7\u00e3o\u00a0brasileira. O Banco Central (BC) libera novo lote de 4 mil pe\u00e7as. Produzida em prata, a moeda ter\u00e1 valor de face de R$ 5, mas ser\u00e1 vendida por R$ 440. A venda ser\u00e1 feita exclusivamente pelo site\u00a0Clube da &hellip; <\/p>\n","protected":false},"author":1,"featured_media":35821,"comment_status":"open","ping_status":"open","sticky":false,"template":"","format":"standard","meta":{"footnotes":""},"categories":[4],"tags":[],"class_list":["post-35820","post","type-post","status-publish","format-standard","has-post-thumbnail","hentry","category-noticias"],"_links":{"self":[{"href":"https:\/\/radioimprensa.com.br\/index.php\/wp-json\/wp\/v2\/posts\/35820","targetHints":{"allow":["GET"]}}],"collection":[{"href":"https:\/\/radioimprensa.com.br\/index.php\/wp-json\/wp\/v2\/posts"}],"about":[{"href":"https:\/\/radioimprensa.com.br\/index.php\/wp-json\/wp\/v2\/types\/post"}],"author":[{"embeddable":true,"href":"https:\/\/radioimprensa.com.br\/index.php\/wp-json\/wp\/v2\/users\/1"}],"replies":[{"embeddable":true,"href":"https:\/\/radioimprensa.com.br\/index.php\/wp-json\/wp\/v2\/comments?post=35820"}],"version-history":[{"count":1,"href":"https:\/\/radioimprensa.com.br\/index.php\/wp-json\/wp\/v2\/posts\/35820\/revisions"}],"predecessor-version":[{"id":35822,"href":"https:\/\/radioimprensa.com.br\/index.php\/wp-json\/wp\/v2\/posts\/35820\/revisions\/35822"}],"wp:featuredmedia":[{"embeddable":true,"href":"https:\/\/radioimprensa.com.br\/index.php\/wp-json\/wp\/v2\/media\/35821"}],"wp:attachment":[{"href":"https:\/\/radioimprensa.com.br\/index.php\/wp-json\/wp\/v2\/media?parent=35820"}],"wp:term":[{"taxonomy":"category","embeddable":true,"href":"https:\/\/radioimprensa.com.br\/index.php\/wp-json\/wp\/v2\/categories?post=35820"},{"taxonomy":"post_tag","embeddable":true,"href":"https:\/\/radioimprensa.com.br\/index.php\/wp-json\/wp\/v2\/tags?post=35820"}],"curies":[{"name":"wp","href":"https:\/\/api.w.org\/{rel}","templated":true}]}}