{"id":35849,"date":"2024-06-04T11:29:13","date_gmt":"2024-06-04T14:29:13","guid":{"rendered":"https:\/\/radioimprensa.com.br\/?p=35849"},"modified":"2024-06-07T11:29:51","modified_gmt":"2024-06-07T14:29:51","slug":"prazo-de-inscricoes-para-o-enem-2024-terminara-na-sexta-feira","status":"publish","type":"post","link":"https:\/\/radioimprensa.com.br\/index.php\/2024\/06\/04\/prazo-de-inscricoes-para-o-enem-2024-terminara-na-sexta-feira\/","title":{"rendered":"Prazo de inscri\u00e7\u00f5es para o Enem 2024 terminar\u00e1 hoje"},"content":{"rendered":"\n<p>Terminar\u00e3o nesta sexta-feira (7) as inscri\u00e7\u00f5es para o Exame Nacional do Ensino M\u00e9dio (Enem) 2024. Interessados devem acessar a\u00a0P\u00e1gina do Participante\u00a0e utilizar o cadastro na conta\u00a0Gov.br. O prazo tamb\u00e9m vale para pedidos de atendimento especializado e tratamento por nome social. As provas ser\u00e3o aplicadas nos dias 3 e 10 de novembro.<\/p>\n\n\n\n<p>A taxa de inscri\u00e7\u00e3o custa R$ 85 e pode ser paga por boleto, pix, cart\u00e3o de cr\u00e9dito e d\u00e9bito em conta corrente ou poupan\u00e7a&nbsp;at\u00e9 o dia 12 de junho. Os resultados de recursos sobre isen\u00e7\u00e3o da taxa foram divulgados no \u00faltimo dia 24, assim como de recursos que tratam das justificativas de aus\u00eancia no Enem 2023 para candidatos que estavam isentos da taxa.<\/p>\n\n\n\n<h4 class=\"wp-block-heading\">Rio Grande do Sul<\/h4>\n\n\n\n<p>No Rio Grande do Sul, em raz\u00e3o da situa\u00e7\u00e3o de calamidade p\u00fablica provocada pelas enchentes, a popula\u00e7\u00e3o ter\u00e1 um prazo extra para se inscrever no exame. Um calend\u00e1rio estendido ainda ser\u00e1 divulgado pelo Instituto Nacional de Estudos e Pesquisas Educacionais An\u00edsio Teixeira (Inep). Moradores de munic\u00edpios ga\u00fachos t\u00eam isen\u00e7\u00e3o da taxa de inscri\u00e7\u00e3o.<\/p>\n\n\n\n<p>Fonte: Ag\u00eancia Brasil \/ Foto: Marcello Casal Jr., Ag\u00eancia Brasil<\/p>\n","protected":false},"excerpt":{"rendered":"<p>Terminar\u00e3o nesta sexta-feira (7) as inscri\u00e7\u00f5es para o Exame Nacional do Ensino M\u00e9dio (Enem) 2024. Interessados devem acessar a\u00a0P\u00e1gina do Participante\u00a0e utilizar o cadastro na conta\u00a0Gov.br. O prazo tamb\u00e9m vale para pedidos de atendimento especializado e tratamento por nome social. As provas ser\u00e3o aplicadas nos dias 3 e 10 de novembro. A taxa de inscri\u00e7\u00e3o &hellip; <\/p>\n","protected":false},"author":1,"featured_media":25223,"comment_status":"open","ping_status":"open","sticky":false,"template":"","format":"standard","meta":{"footnotes":""},"categories":[4],"tags":[],"class_list":["post-35849","post","type-post","status-publish","format-standard","has-post-thumbnail","hentry","category-noticias"],"_links":{"self":[{"href":"https:\/\/radioimprensa.com.br\/index.php\/wp-json\/wp\/v2\/posts\/35849","targetHints":{"allow":["GET"]}}],"collection":[{"href":"https:\/\/radioimprensa.com.br\/index.php\/wp-json\/wp\/v2\/posts"}],"about":[{"href":"https:\/\/radioimprensa.com.br\/index.php\/wp-json\/wp\/v2\/types\/post"}],"author":[{"embeddable":true,"href":"https:\/\/radioimprensa.com.br\/index.php\/wp-json\/wp\/v2\/users\/1"}],"replies":[{"embeddable":true,"href":"https:\/\/radioimprensa.com.br\/index.php\/wp-json\/wp\/v2\/comments?post=35849"}],"version-history":[{"count":2,"href":"https:\/\/radioimprensa.com.br\/index.php\/wp-json\/wp\/v2\/posts\/35849\/revisions"}],"predecessor-version":[{"id":35854,"href":"https:\/\/radioimprensa.com.br\/index.php\/wp-json\/wp\/v2\/posts\/35849\/revisions\/35854"}],"wp:featuredmedia":[{"embeddable":true,"href":"https:\/\/radioimprensa.com.br\/index.php\/wp-json\/wp\/v2\/media\/25223"}],"wp:attachment":[{"href":"https:\/\/radioimprensa.com.br\/index.php\/wp-json\/wp\/v2\/media?parent=35849"}],"wp:term":[{"taxonomy":"category","embeddable":true,"href":"https:\/\/radioimprensa.com.br\/index.php\/wp-json\/wp\/v2\/categories?post=35849"},{"taxonomy":"post_tag","embeddable":true,"href":"https:\/\/radioimprensa.com.br\/index.php\/wp-json\/wp\/v2\/tags?post=35849"}],"curies":[{"name":"wp","href":"https:\/\/api.w.org\/{rel}","templated":true}]}}