{"id":35905,"date":"2024-06-21T10:56:41","date_gmt":"2024-06-21T13:56:41","guid":{"rendered":"https:\/\/radioimprensa.com.br\/?p=35905"},"modified":"2024-06-21T10:56:43","modified_gmt":"2024-06-21T13:56:43","slug":"celular-seguro-teve-578-mil-alertas-de-bloqueio-em-6-meses","status":"publish","type":"post","link":"https:\/\/radioimprensa.com.br\/index.php\/2024\/06\/21\/celular-seguro-teve-578-mil-alertas-de-bloqueio-em-6-meses\/","title":{"rendered":"Celular Seguro teve 57,8 mil alertas de bloqueio em 6 meses"},"content":{"rendered":"\n<p>Ap\u00f3s seis meses de funcionamento, o Programa Celular Seguro j\u00e1 recebeu 57.790 mil alertas de bloqueios de usu\u00e1rios que j\u00e1 instalaram o aplicativo em seus telefones m\u00f3veis. Lan\u00e7ado em dezembro do ano passado pelo Minist\u00e9rio da Justi\u00e7a e Seguran\u00e7a P\u00fablica (MJSP), o programa possui mais de 2 milh\u00f5es de usu\u00e1rios cadastrados, com mais de 1,1 milh\u00e3o de celulares.<\/p>\n\n\n\n<p>A plataforma funciona como uma esp\u00e9cie de bot\u00e3o de emerg\u00eancia que deve ser utilizado somente em casos de perda, furto ou roubo do celular. A a\u00e7\u00e3o garante o bloqueio \u00e1gil do aparelho, da linha telef\u00f4nica e de aplicativos banc\u00e1rios em poucos cliques.<\/p>\n\n\n\n<p>O acesso ao Celular Seguro \u00e9 feito por meio do cadastro no Gov.br, a plataforma de servi\u00e7os do governo federal. Os aparelhos podem ser registrados via\u00a0<em>site<\/em>\u00a0\u2013 ou aplicativo, dispon\u00edveis na Play Store (Android) e na App Store (iOS). As empresas que j\u00e1 aderiram \u00e0 iniciativa est\u00e3o descritas nos termos de uso.<\/p>\n\n\n\n<p>N\u00e3o h\u00e1 limite para o cadastro de n\u00fameros, mas eles precisam estar vinculados ao CPF do titular da linha para que o bloqueio seja efetivado. Quem estiver cadastrado no Celular Seguro pode indicar pessoas da sua confian\u00e7a, que estar\u00e3o autorizadas a efetuar os bloqueios, caso o titular tenha o celular roubado, furtado ou extraviado.<\/p>\n\n\n\n<p>Tamb\u00e9m \u00e9 poss\u00edvel que a pr\u00f3pria v\u00edtima bloqueie o aparelho acessando o\u00a0<em>site<\/em>\u00a0por meio de um computador. Ap\u00f3s o envio do alerta, as institui\u00e7\u00f5es financeiras e empresas de telefonia que aderiram ao projeto far\u00e3o o bloqueio do\u00a0<em>chip<\/em>\u00a0e dos aplicativos. O procedimento e o tempo de bloqueio de cada empresa tamb\u00e9m est\u00e3o dispon\u00edveis nos termos de uso do programa.<\/p>\n\n\n\n<p>Fonte: Ag\u00eancia Brasil \/ Foto: Getty Images<\/p>\n","protected":false},"excerpt":{"rendered":"<p>Ap\u00f3s seis meses de funcionamento, o Programa Celular Seguro j\u00e1 recebeu 57.790 mil alertas de bloqueios de usu\u00e1rios que j\u00e1 instalaram o aplicativo em seus telefones m\u00f3veis. Lan\u00e7ado em dezembro do ano passado pelo Minist\u00e9rio da Justi\u00e7a e Seguran\u00e7a P\u00fablica (MJSP), o programa possui mais de 2 milh\u00f5es de usu\u00e1rios cadastrados, com mais de 1,1 &hellip; <\/p>\n","protected":false},"author":1,"featured_media":20964,"comment_status":"open","ping_status":"open","sticky":false,"template":"","format":"standard","meta":{"footnotes":""},"categories":[4],"tags":[],"class_list":["post-35905","post","type-post","status-publish","format-standard","has-post-thumbnail","hentry","category-noticias"],"_links":{"self":[{"href":"https:\/\/radioimprensa.com.br\/index.php\/wp-json\/wp\/v2\/posts\/35905","targetHints":{"allow":["GET"]}}],"collection":[{"href":"https:\/\/radioimprensa.com.br\/index.php\/wp-json\/wp\/v2\/posts"}],"about":[{"href":"https:\/\/radioimprensa.com.br\/index.php\/wp-json\/wp\/v2\/types\/post"}],"author":[{"embeddable":true,"href":"https:\/\/radioimprensa.com.br\/index.php\/wp-json\/wp\/v2\/users\/1"}],"replies":[{"embeddable":true,"href":"https:\/\/radioimprensa.com.br\/index.php\/wp-json\/wp\/v2\/comments?post=35905"}],"version-history":[{"count":1,"href":"https:\/\/radioimprensa.com.br\/index.php\/wp-json\/wp\/v2\/posts\/35905\/revisions"}],"predecessor-version":[{"id":35906,"href":"https:\/\/radioimprensa.com.br\/index.php\/wp-json\/wp\/v2\/posts\/35905\/revisions\/35906"}],"wp:featuredmedia":[{"embeddable":true,"href":"https:\/\/radioimprensa.com.br\/index.php\/wp-json\/wp\/v2\/media\/20964"}],"wp:attachment":[{"href":"https:\/\/radioimprensa.com.br\/index.php\/wp-json\/wp\/v2\/media?parent=35905"}],"wp:term":[{"taxonomy":"category","embeddable":true,"href":"https:\/\/radioimprensa.com.br\/index.php\/wp-json\/wp\/v2\/categories?post=35905"},{"taxonomy":"post_tag","embeddable":true,"href":"https:\/\/radioimprensa.com.br\/index.php\/wp-json\/wp\/v2\/tags?post=35905"}],"curies":[{"name":"wp","href":"https:\/\/api.w.org\/{rel}","templated":true}]}}