{"id":35948,"date":"2024-08-06T11:20:57","date_gmt":"2024-08-06T14:20:57","guid":{"rendered":"https:\/\/radioimprensa.com.br\/?p=35948"},"modified":"2024-08-06T11:20:58","modified_gmt":"2024-08-06T14:20:58","slug":"06-em-cada-10-escolas-tem-regras-sobre-uso-de-celulares-por-alunos","status":"publish","type":"post","link":"https:\/\/radioimprensa.com.br\/index.php\/2024\/08\/06\/06-em-cada-10-escolas-tem-regras-sobre-uso-de-celulares-por-alunos\/","title":{"rendered":"06 em cada 10 escolas t\u00eam regras sobre uso de celulares por alunos"},"content":{"rendered":"\n<p>Seis em cada dez escolas de ensino fundamental e m\u00e9dio adotam regras para uso do telefone celular pelos alunos, permitindo que o aparelho seja usado apenas em determinados espa\u00e7os e hor\u00e1rios. Em 28% das institui\u00e7\u00f5es educacionais, o uso do dispositivo&nbsp;pelos estudantes \u00e9 proibido, segundo aponta&nbsp;a pesquisa TIC Educa\u00e7\u00e3o 2023, lan\u00e7ada nesta ter\u00e7a-feira (6) pelo Comit\u00ea Gestor da Internet no Brasil (CGI.br). O levantamento foi realizado junto a 3.001 gestores de unidades de ensino, tanto urbanas como rurais.<img decoding=\"async\" src=\"https:\/\/agenciabrasil.ebc.com.br\/ebc.png?id=1606646&amp;o=node\"><img decoding=\"async\" src=\"https:\/\/agenciabrasil.ebc.com.br\/ebc.gif?id=1606646&amp;o=node\"><\/p>\n\n\n\n<p>A pesquisa mostra que o controle do uso do celular tem se intensificado. Nas institui\u00e7\u00f5es que atendem alunos mais novos, at\u00e9 os anos iniciais do ensino fundamental, a propor\u00e7\u00e3o de escolas que pro\u00edbem a utiliza\u00e7\u00e3o do dispositivo passou de 32% em 2020, para 43% em 2023. Naquelas que oferecem at\u00e9 os anos finais do ensino fundamental, a porcentagem subiu de 10% para 21%, entre as edi\u00e7\u00f5es 2020 e 2023 do levantamento.<\/p>\n\n\n\n<p>Apenas 8% das institui\u00e7\u00f5es que atendem estudantes de ensino m\u00e9dio pro\u00edbem o uso do telefone celular na escola, segundo levantamento&nbsp;feito pelo Centro Regional de Estudos para o Desenvolvimento da Sociedade da Informa\u00e7\u00e3o (Cetic.br) do N\u00facleo de Informa\u00e7\u00e3o e Coordena\u00e7\u00e3o do Ponto BR (NIC.br).<\/p>\n\n\n\n<p>O estudo constatou ainda que, al\u00e9m de estabelecer regras em rela\u00e7\u00e3o \u00e0 utiliza\u00e7\u00e3o do telefone celular, mais escolas tamb\u00e9m passaram a limitar o uso de wi-fi pelos estudantes. Do total de institui\u00e7\u00f5es de ensino fundamental e m\u00e9dio com internet, na maioria (58%), o acesso a esse tipo de rede sem fio \u00e9 restrito pelo uso de senha, sendo que em 26% das institui\u00e7\u00f5es, os alunos podem utilizar a tecnologia. \u00c9 poss\u00edvel observar ainda, com base na compara\u00e7\u00e3o dos indicadores coletados entre as edi\u00e7\u00f5es 2020 e 2023 da pesquisa, uma redu\u00e7\u00e3o na propor\u00e7\u00e3o de escolas que liberam o Wi-Fi para os alunos \u2013 de 35% para 26% \u2013 e um aumento na porcentagem das que restringem o acesso \u2013 de 48% para 58%.<\/p>\n\n\n\n<p>Fonte: Ag\u00eancia Brasil \/ Foto: Arquivo Ag\u00eancia Brasil<\/p>\n","protected":false},"excerpt":{"rendered":"<p>Seis em cada dez escolas de ensino fundamental e m\u00e9dio adotam regras para uso do telefone celular pelos alunos, permitindo que o aparelho seja usado apenas em determinados espa\u00e7os e hor\u00e1rios. Em 28% das institui\u00e7\u00f5es educacionais, o uso do dispositivo&nbsp;pelos estudantes \u00e9 proibido, segundo aponta&nbsp;a pesquisa TIC Educa\u00e7\u00e3o 2023, lan\u00e7ada nesta ter\u00e7a-feira (6) pelo Comit\u00ea &hellip; <\/p>\n","protected":false},"author":1,"featured_media":16818,"comment_status":"open","ping_status":"open","sticky":false,"template":"","format":"standard","meta":{"footnotes":""},"categories":[4],"tags":[],"class_list":["post-35948","post","type-post","status-publish","format-standard","has-post-thumbnail","hentry","category-noticias"],"_links":{"self":[{"href":"https:\/\/radioimprensa.com.br\/index.php\/wp-json\/wp\/v2\/posts\/35948","targetHints":{"allow":["GET"]}}],"collection":[{"href":"https:\/\/radioimprensa.com.br\/index.php\/wp-json\/wp\/v2\/posts"}],"about":[{"href":"https:\/\/radioimprensa.com.br\/index.php\/wp-json\/wp\/v2\/types\/post"}],"author":[{"embeddable":true,"href":"https:\/\/radioimprensa.com.br\/index.php\/wp-json\/wp\/v2\/users\/1"}],"replies":[{"embeddable":true,"href":"https:\/\/radioimprensa.com.br\/index.php\/wp-json\/wp\/v2\/comments?post=35948"}],"version-history":[{"count":1,"href":"https:\/\/radioimprensa.com.br\/index.php\/wp-json\/wp\/v2\/posts\/35948\/revisions"}],"predecessor-version":[{"id":35949,"href":"https:\/\/radioimprensa.com.br\/index.php\/wp-json\/wp\/v2\/posts\/35948\/revisions\/35949"}],"wp:featuredmedia":[{"embeddable":true,"href":"https:\/\/radioimprensa.com.br\/index.php\/wp-json\/wp\/v2\/media\/16818"}],"wp:attachment":[{"href":"https:\/\/radioimprensa.com.br\/index.php\/wp-json\/wp\/v2\/media?parent=35948"}],"wp:term":[{"taxonomy":"category","embeddable":true,"href":"https:\/\/radioimprensa.com.br\/index.php\/wp-json\/wp\/v2\/categories?post=35948"},{"taxonomy":"post_tag","embeddable":true,"href":"https:\/\/radioimprensa.com.br\/index.php\/wp-json\/wp\/v2\/tags?post=35948"}],"curies":[{"name":"wp","href":"https:\/\/api.w.org\/{rel}","templated":true}]}}