{"id":35967,"date":"2024-08-10T10:39:34","date_gmt":"2024-08-10T13:39:34","guid":{"rendered":"https:\/\/radioimprensa.com.br\/?p=35967"},"modified":"2024-08-10T10:51:57","modified_gmt":"2024-08-10T13:51:57","slug":"lula-decreta-luto-oficial-de-03-dias-por-vitimas-de-acidente","status":"publish","type":"post","link":"https:\/\/radioimprensa.com.br\/index.php\/2024\/08\/10\/lula-decreta-luto-oficial-de-03-dias-por-vitimas-de-acidente\/","title":{"rendered":"Lula decreta luto oficial de 03 dias por v\u00edtimas de acidente"},"content":{"rendered":"\n<p>O presidente Luiz In\u00e1cio Lula da Silva (PT) decretou luto oficial de tr\u00eas dias em todo o Pa\u00eds em homenagem \u00e0s v\u00edtimas do tr\u00e1gico acidente a\u00e9reo ocorrido na tarde desta sexta-feira (9), em Vinhedo, interior de S\u00e3o Paulo. A medida foi formalizada em publica\u00e7\u00e3o no Di\u00e1rio Oficial da Uni\u00e3o.<\/p>\n\n\n\n<p>Logo ap\u00f3s ser informado sobre o acidente, Lula expressou sua solidariedade \u00e0s v\u00edtimas e seus familiares durante um evento em Itaja\u00ed, Santa Catarina. O presidente pediu aos presentes que se levantassem para um minuto de sil\u00eancio em respeito aos mortos no desastre.<\/p>\n\n\n\n<p>Fonte: IG (com GPS Bras\u00edlia) \/ Foto: Getty Images<\/p>\n","protected":false},"excerpt":{"rendered":"<p>O presidente Luiz In\u00e1cio Lula da Silva (PT) decretou luto oficial de tr\u00eas dias em todo o Pa\u00eds em homenagem \u00e0s v\u00edtimas do tr\u00e1gico acidente a\u00e9reo ocorrido na tarde desta sexta-feira (9), em Vinhedo, interior de S\u00e3o Paulo. A medida foi formalizada em publica\u00e7\u00e3o no Di\u00e1rio Oficial da Uni\u00e3o. Logo ap\u00f3s ser informado sobre o &hellip; <\/p>\n","protected":false},"author":1,"featured_media":19433,"comment_status":"open","ping_status":"open","sticky":false,"template":"","format":"standard","meta":{"footnotes":""},"categories":[4],"tags":[],"class_list":["post-35967","post","type-post","status-publish","format-standard","has-post-thumbnail","hentry","category-noticias"],"_links":{"self":[{"href":"https:\/\/radioimprensa.com.br\/index.php\/wp-json\/wp\/v2\/posts\/35967","targetHints":{"allow":["GET"]}}],"collection":[{"href":"https:\/\/radioimprensa.com.br\/index.php\/wp-json\/wp\/v2\/posts"}],"about":[{"href":"https:\/\/radioimprensa.com.br\/index.php\/wp-json\/wp\/v2\/types\/post"}],"author":[{"embeddable":true,"href":"https:\/\/radioimprensa.com.br\/index.php\/wp-json\/wp\/v2\/users\/1"}],"replies":[{"embeddable":true,"href":"https:\/\/radioimprensa.com.br\/index.php\/wp-json\/wp\/v2\/comments?post=35967"}],"version-history":[{"count":4,"href":"https:\/\/radioimprensa.com.br\/index.php\/wp-json\/wp\/v2\/posts\/35967\/revisions"}],"predecessor-version":[{"id":35975,"href":"https:\/\/radioimprensa.com.br\/index.php\/wp-json\/wp\/v2\/posts\/35967\/revisions\/35975"}],"wp:featuredmedia":[{"embeddable":true,"href":"https:\/\/radioimprensa.com.br\/index.php\/wp-json\/wp\/v2\/media\/19433"}],"wp:attachment":[{"href":"https:\/\/radioimprensa.com.br\/index.php\/wp-json\/wp\/v2\/media?parent=35967"}],"wp:term":[{"taxonomy":"category","embeddable":true,"href":"https:\/\/radioimprensa.com.br\/index.php\/wp-json\/wp\/v2\/categories?post=35967"},{"taxonomy":"post_tag","embeddable":true,"href":"https:\/\/radioimprensa.com.br\/index.php\/wp-json\/wp\/v2\/tags?post=35967"}],"curies":[{"name":"wp","href":"https:\/\/api.w.org\/{rel}","templated":true}]}}