{"id":35979,"date":"2024-08-13T10:54:49","date_gmt":"2024-08-13T13:54:49","guid":{"rendered":"https:\/\/radioimprensa.com.br\/?p=35979"},"modified":"2024-08-13T10:54:51","modified_gmt":"2024-08-13T13:54:51","slug":"brasil-ja-registrou-709-casos-de-mpox-neste-ano","status":"publish","type":"post","link":"https:\/\/radioimprensa.com.br\/index.php\/2024\/08\/13\/brasil-ja-registrou-709-casos-de-mpox-neste-ano\/","title":{"rendered":"Brasil j\u00e1 registrou 709 casos de mpox neste ano"},"content":{"rendered":"\n<p>Em meio ao aumento de casos de mpox e \u00e0 circula\u00e7\u00e3o de uma nova variante do v\u00edrus no continente africano, o Minist\u00e9rio da Sa\u00fade do Brasil convocou para esta ter\u00e7a-feira (13) uma reuni\u00e3o para tratar da doen\u00e7a.<img decoding=\"async\" src=\"https:\/\/agenciabrasil.ebc.com.br\/ebc.png?id=1607576&amp;o=node\"><img decoding=\"async\" src=\"https:\/\/agenciabrasil.ebc.com.br\/ebc.gif?id=1607576&amp;o=node\"><\/p>\n\n\n\n<p>Em nota, a pasta informou que a proposta \u00e9 atualizar as recomenda\u00e7\u00f5es e o plano de conting\u00eancia para a doen\u00e7a no pa\u00eds. \u201cSer\u00e1 realizada reuni\u00e3o com especialistas nesta ter\u00e7a-feira para atualiza\u00e7\u00e3o dos servi\u00e7os de vigil\u00e2ncia e assist\u00eancia m\u00e9dica\u201d.<\/p>\n\n\n\n<p>Ainda de acordo com o comunicado, o minist\u00e9rio \u201cacompanha com aten\u00e7\u00e3o\u201d a situa\u00e7\u00e3o da mpox no mundo e monitora informa\u00e7\u00f5es junto \u00e0 Organiza\u00e7\u00e3o Mundial da Sa\u00fade (OMS) e institui\u00e7\u00f5es como o Centro de Controle e Preven\u00e7\u00e3o de Doen\u00e7as dos Estados Unidos (CDC, na sigla em ingl\u00eas).<\/p>\n\n\n\n<p>Sobre vacinas contra a mpox, a pasta lembrou que, em 2023, a imuniza\u00e7\u00e3o contra a doen\u00e7a foi realizada em um momento de emerg\u00eancia em sa\u00fade p\u00fablica de import\u00e2ncia internacional, com o uso das doses liberado pela Ag\u00eancia Nacional de Vigil\u00e2ncia Sanit\u00e1ria (Anvisa) de forma provis\u00f3ria.<\/p>\n\n\n\n<p>\u201cCaso novas evid\u00eancias demonstrem a necessidade de altera\u00e7\u00f5es no planejamento, as a\u00e7\u00f5es necess\u00e1rias ser\u00e3o adotadas e divulgadas oportunamente\u201d, concluiu o minist\u00e9rio.<\/p>\n\n\n\n<p>A mpox \u00e9 uma doen\u00e7a zoon\u00f3tica viral. A transmiss\u00e3o para humanos pode ocorrer por meio do contato com animais silvestres infectados, pessoas infectadas pelo v\u00edrus e materiais contaminados. Os sintomas, em geral, incluem erup\u00e7\u00f5es cut\u00e2neas ou les\u00f5es de pele, linfonodos inchados (\u00ednguas), febre, dores no corpo, dor de cabe\u00e7a, calafrio e fraqueza.<\/p>\n\n\n\n<p>Fonte: Ag\u00eancia Brasil \/ Foto: Shutterstock<\/p>\n","protected":false},"excerpt":{"rendered":"<p>Em meio ao aumento de casos de mpox e \u00e0 circula\u00e7\u00e3o de uma nova variante do v\u00edrus no continente africano, o Minist\u00e9rio da Sa\u00fade do Brasil convocou para esta ter\u00e7a-feira (13) uma reuni\u00e3o para tratar da doen\u00e7a. Em nota, a pasta informou que a proposta \u00e9 atualizar as recomenda\u00e7\u00f5es e o plano de conting\u00eancia para &hellip; <\/p>\n","protected":false},"author":1,"featured_media":35980,"comment_status":"open","ping_status":"open","sticky":false,"template":"","format":"standard","meta":{"footnotes":""},"categories":[4],"tags":[],"class_list":["post-35979","post","type-post","status-publish","format-standard","has-post-thumbnail","hentry","category-noticias"],"_links":{"self":[{"href":"https:\/\/radioimprensa.com.br\/index.php\/wp-json\/wp\/v2\/posts\/35979","targetHints":{"allow":["GET"]}}],"collection":[{"href":"https:\/\/radioimprensa.com.br\/index.php\/wp-json\/wp\/v2\/posts"}],"about":[{"href":"https:\/\/radioimprensa.com.br\/index.php\/wp-json\/wp\/v2\/types\/post"}],"author":[{"embeddable":true,"href":"https:\/\/radioimprensa.com.br\/index.php\/wp-json\/wp\/v2\/users\/1"}],"replies":[{"embeddable":true,"href":"https:\/\/radioimprensa.com.br\/index.php\/wp-json\/wp\/v2\/comments?post=35979"}],"version-history":[{"count":1,"href":"https:\/\/radioimprensa.com.br\/index.php\/wp-json\/wp\/v2\/posts\/35979\/revisions"}],"predecessor-version":[{"id":35981,"href":"https:\/\/radioimprensa.com.br\/index.php\/wp-json\/wp\/v2\/posts\/35979\/revisions\/35981"}],"wp:featuredmedia":[{"embeddable":true,"href":"https:\/\/radioimprensa.com.br\/index.php\/wp-json\/wp\/v2\/media\/35980"}],"wp:attachment":[{"href":"https:\/\/radioimprensa.com.br\/index.php\/wp-json\/wp\/v2\/media?parent=35979"}],"wp:term":[{"taxonomy":"category","embeddable":true,"href":"https:\/\/radioimprensa.com.br\/index.php\/wp-json\/wp\/v2\/categories?post=35979"},{"taxonomy":"post_tag","embeddable":true,"href":"https:\/\/radioimprensa.com.br\/index.php\/wp-json\/wp\/v2\/tags?post=35979"}],"curies":[{"name":"wp","href":"https:\/\/api.w.org\/{rel}","templated":true}]}}