{"id":35994,"date":"2024-08-17T15:00:58","date_gmt":"2024-08-17T18:00:58","guid":{"rendered":"https:\/\/radioimprensa.com.br\/?p=35994"},"modified":"2024-08-17T15:01:00","modified_gmt":"2024-08-17T18:01:00","slug":"dia-triste-silvio-santos-faleceu-em-sp","status":"publish","type":"post","link":"https:\/\/radioimprensa.com.br\/index.php\/2024\/08\/17\/dia-triste-silvio-santos-faleceu-em-sp\/","title":{"rendered":"Dia triste! S\u00edlvio Santos faleceu em SP"},"content":{"rendered":"\n<p>O empres\u00e1rio Senor Abravanel, mais conhecido como o apresentador Silvio Santos &#8211; certamente o maior nome da comunica\u00e7\u00e3o brasileira &#8211; faleceu neste s\u00e1bado, aos 93 anos de idade.<\/p>\n\n\n\n<p>A triste informa\u00e7\u00e3o foi confirmada pelo SBT, emissora que Silvio fundou nos anos 80, e onde ele seguiu no comando at\u00e9 2020, quando se afastou por precau\u00e7\u00e3o, em raz\u00e3o da pandemia da COVID-19 (em 2022 ele chegou a participar de algumas grava\u00e7\u00f5es, material que foi veiculado no in\u00edcio de 2023 e, desde ent\u00e3o, n\u00e3o havia mais pisado na empresa)<\/p>\n\n\n\n<p>S\u00edlvio Santos estava em interna\u00e7\u00e3o hospitalar desde o dia 01 deste m\u00eas (lembrando que em julho ele tbm havia passado alguns dias no Albert Einstein, para se recuperar de H1N1).<\/p>\n\n\n\n<p>Nas redes sociais, famosos e an\u00f4nimos j\u00e1 expressam tristeza e enviam suas condol\u00eancias aos familiares do comunicador e, tamb\u00e9m, aos empregados do SBT que hoje est\u00e3o abalados e admitem n\u00e3o conseguir usar o slogan SBT &#8211; a Emissora mais Feliz do mundo<\/p>\n\n\n\n<p>Fonte: R\u00e1dio Imprensa \/ Foto: Reprodu\u00e7\u00e3o via SBT<\/p>\n","protected":false},"excerpt":{"rendered":"<p>O empres\u00e1rio Senor Abravanel, mais conhecido como o apresentador Silvio Santos &#8211; certamente o maior nome da comunica\u00e7\u00e3o brasileira &#8211; faleceu neste s\u00e1bado, aos 93 anos de idade. A triste informa\u00e7\u00e3o foi confirmada pelo SBT, emissora que Silvio fundou nos anos 80, e onde ele seguiu no comando at\u00e9 2020, quando se afastou por precau\u00e7\u00e3o, &hellip; <\/p>\n","protected":false},"author":1,"featured_media":35995,"comment_status":"open","ping_status":"open","sticky":false,"template":"","format":"standard","meta":{"footnotes":""},"categories":[4,1],"tags":[],"class_list":["post-35994","post","type-post","status-publish","format-standard","has-post-thumbnail","hentry","category-noticias","category-sem-categoria"],"_links":{"self":[{"href":"https:\/\/radioimprensa.com.br\/index.php\/wp-json\/wp\/v2\/posts\/35994","targetHints":{"allow":["GET"]}}],"collection":[{"href":"https:\/\/radioimprensa.com.br\/index.php\/wp-json\/wp\/v2\/posts"}],"about":[{"href":"https:\/\/radioimprensa.com.br\/index.php\/wp-json\/wp\/v2\/types\/post"}],"author":[{"embeddable":true,"href":"https:\/\/radioimprensa.com.br\/index.php\/wp-json\/wp\/v2\/users\/1"}],"replies":[{"embeddable":true,"href":"https:\/\/radioimprensa.com.br\/index.php\/wp-json\/wp\/v2\/comments?post=35994"}],"version-history":[{"count":1,"href":"https:\/\/radioimprensa.com.br\/index.php\/wp-json\/wp\/v2\/posts\/35994\/revisions"}],"predecessor-version":[{"id":35996,"href":"https:\/\/radioimprensa.com.br\/index.php\/wp-json\/wp\/v2\/posts\/35994\/revisions\/35996"}],"wp:featuredmedia":[{"embeddable":true,"href":"https:\/\/radioimprensa.com.br\/index.php\/wp-json\/wp\/v2\/media\/35995"}],"wp:attachment":[{"href":"https:\/\/radioimprensa.com.br\/index.php\/wp-json\/wp\/v2\/media?parent=35994"}],"wp:term":[{"taxonomy":"category","embeddable":true,"href":"https:\/\/radioimprensa.com.br\/index.php\/wp-json\/wp\/v2\/categories?post=35994"},{"taxonomy":"post_tag","embeddable":true,"href":"https:\/\/radioimprensa.com.br\/index.php\/wp-json\/wp\/v2\/tags?post=35994"}],"curies":[{"name":"wp","href":"https:\/\/api.w.org\/{rel}","templated":true}]}}