{"id":36019,"date":"2024-08-26T06:40:35","date_gmt":"2024-08-26T09:40:35","guid":{"rendered":"https:\/\/radioimprensa.com.br\/?p=36019"},"modified":"2024-08-26T06:40:37","modified_gmt":"2024-08-26T09:40:37","slug":"sp-reforca-acoes-para-combate-a-incendios-em-matas","status":"publish","type":"post","link":"https:\/\/radioimprensa.com.br\/index.php\/2024\/08\/26\/sp-reforca-acoes-para-combate-a-incendios-em-matas\/","title":{"rendered":"SP refor\u00e7a a\u00e7\u00f5es para combate a inc\u00eandios em matas"},"content":{"rendered":"\n<p>O governo estadual de S\u00e3o Paulo est\u00e1 refor\u00e7ando a opera\u00e7\u00e3o de combate ao fogo no interior do estado&nbsp;com a instala\u00e7\u00e3o&nbsp;de um posto avan\u00e7ado em Ribeir\u00e3o Preto. Segundo o monitoramento do Centro de Gerenciamento de Emerg\u00eancias (CGE) da Defesa Civil, 21 cidades enfrentam focos ativos de inc\u00eandio. Ao todo, 46 munic\u00edpios&nbsp;monitorados est\u00e3o em&nbsp;alerta m\u00e1ximo para queimadas.<img decoding=\"async\" src=\"https:\/\/agenciabrasil.ebc.com.br\/ebc.png?id=1609244&amp;o=node\"><img decoding=\"async\" src=\"https:\/\/agenciabrasil.ebc.com.br\/ebc.gif?id=1609244&amp;o=node\"><\/p>\n\n\n\n<p>O governador Tarc\u00edsio de Freitas esteve presente na instala\u00e7\u00e3o do posto avan\u00e7ado, na Base de Avia\u00e7\u00e3o da Pol\u00edcia Militar de Ribeir\u00e3o Preto. De acordo com&nbsp;Freitas,&nbsp;a unidade funcionar\u00e1 de forma integrada com o gabinete de crise montado no CGE para monitoramento e controle da situa\u00e7\u00e3o. &#8220;Nossa for\u00e7a tarefa conta com mais de 7 mil profissionais e volunt\u00e1rios, al\u00e9m de helic\u00f3pteros, drones e ve\u00edculos para atuar no combate ao fogo e orienta\u00e7\u00e3o \u00e0 popula\u00e7\u00e3o&#8221;, disse o governador em rede social.<\/p>\n\n\n\n<p>A a\u00e7\u00e3o ocorre durante todo o final de semana e faz parte da Opera\u00e7\u00e3o SP Sem Fogo. O gabinete conta com t\u00e9cnicos da Defesa Civil do Estado e das secretarias da Seguran\u00e7a P\u00fablica (SSP), Agricultura e Abastecimento e de Meio Ambiente, Infraestrutura e Log\u00edstica (Semil).<br><br>\u201cInc\u00eandios florestais podem atingir grandes \u00e1reas de vegeta\u00e7\u00e3o natural. Com as rajadas de vento, o fogo pode se alastrar rapidamente. As queimadas emitem fuma\u00e7a densa e t\u00f3xica que prejudica o meio ambiente e a sa\u00fade humana, causando problemas ao sistema respirat\u00f3rio e desordens cardiovasculares. Dois funcion\u00e1rios de uma usina em Urup\u00eas morreram nesta sexta-feira (23) tentando combater um inc\u00eandio\u201d, disse o governo estadual em nota.<\/p>\n\n\n\n<p>Fonte: Ag\u00eancia Brasil \/ Foto: Divulga\u00e7\u00e3o, Corpo de Bombeiros SP<\/p>\n","protected":false},"excerpt":{"rendered":"<p>O governo estadual de S\u00e3o Paulo est\u00e1 refor\u00e7ando a opera\u00e7\u00e3o de combate ao fogo no interior do estado&nbsp;com a instala\u00e7\u00e3o&nbsp;de um posto avan\u00e7ado em Ribeir\u00e3o Preto. Segundo o monitoramento do Centro de Gerenciamento de Emerg\u00eancias (CGE) da Defesa Civil, 21 cidades enfrentam focos ativos de inc\u00eandio. Ao todo, 46 munic\u00edpios&nbsp;monitorados est\u00e3o em&nbsp;alerta m\u00e1ximo para queimadas. &hellip; <\/p>\n","protected":false},"author":1,"featured_media":36020,"comment_status":"open","ping_status":"open","sticky":false,"template":"","format":"standard","meta":{"footnotes":""},"categories":[4],"tags":[],"class_list":["post-36019","post","type-post","status-publish","format-standard","has-post-thumbnail","hentry","category-noticias"],"_links":{"self":[{"href":"https:\/\/radioimprensa.com.br\/index.php\/wp-json\/wp\/v2\/posts\/36019","targetHints":{"allow":["GET"]}}],"collection":[{"href":"https:\/\/radioimprensa.com.br\/index.php\/wp-json\/wp\/v2\/posts"}],"about":[{"href":"https:\/\/radioimprensa.com.br\/index.php\/wp-json\/wp\/v2\/types\/post"}],"author":[{"embeddable":true,"href":"https:\/\/radioimprensa.com.br\/index.php\/wp-json\/wp\/v2\/users\/1"}],"replies":[{"embeddable":true,"href":"https:\/\/radioimprensa.com.br\/index.php\/wp-json\/wp\/v2\/comments?post=36019"}],"version-history":[{"count":1,"href":"https:\/\/radioimprensa.com.br\/index.php\/wp-json\/wp\/v2\/posts\/36019\/revisions"}],"predecessor-version":[{"id":36021,"href":"https:\/\/radioimprensa.com.br\/index.php\/wp-json\/wp\/v2\/posts\/36019\/revisions\/36021"}],"wp:featuredmedia":[{"embeddable":true,"href":"https:\/\/radioimprensa.com.br\/index.php\/wp-json\/wp\/v2\/media\/36020"}],"wp:attachment":[{"href":"https:\/\/radioimprensa.com.br\/index.php\/wp-json\/wp\/v2\/media?parent=36019"}],"wp:term":[{"taxonomy":"category","embeddable":true,"href":"https:\/\/radioimprensa.com.br\/index.php\/wp-json\/wp\/v2\/categories?post=36019"},{"taxonomy":"post_tag","embeddable":true,"href":"https:\/\/radioimprensa.com.br\/index.php\/wp-json\/wp\/v2\/tags?post=36019"}],"curies":[{"name":"wp","href":"https:\/\/api.w.org\/{rel}","templated":true}]}}