{"id":36027,"date":"2024-08-31T09:25:39","date_gmt":"2024-08-31T12:25:39","guid":{"rendered":"https:\/\/radioimprensa.com.br\/?p=36027"},"modified":"2024-08-31T09:27:39","modified_gmt":"2024-08-31T12:27:39","slug":"36027","status":"publish","type":"post","link":"https:\/\/radioimprensa.com.br\/index.php\/2024\/08\/31\/36027\/","title":{"rendered":"Ades\u00e3o ao Desenrola Fies \u00e9 prorrogada at\u00e9 31 de dezembro"},"content":{"rendered":"\n<p>Com um total de 351.696 contratos j\u00e1 renegociados, o prazo para ades\u00e3o ao Desenrola Fies foi novamente prorrogado \u2013 desta vez, at\u00e9 31 de dezembro. O programa permite a renegocia\u00e7\u00e3o de d\u00edvidas do Fundo de Financiamento Estudantil (Fies). Em maio, o prazo para ades\u00e3o j\u00e1 havia sido prorrogado e venceria neste s\u00e1bado (31).<img decoding=\"async\" src=\"https:\/\/agenciabrasil.ebc.com.br\/ebc.png?id=1610063&amp;o=node\"><img decoding=\"async\" src=\"https:\/\/agenciabrasil.ebc.com.br\/ebc.gif?id=1610063&amp;o=node\"><\/p>\n\n\n\n<p>De acordo com a Secretaria de Comunica\u00e7\u00e3o Social (Secom), os contratos renegociados geraram um desconto de R$ 12,8 bilh\u00f5es e uma redu\u00e7\u00e3o da d\u00edvida total de R$ 16,1 bilh\u00f5es para R$ 3,2 bilh\u00f5es. As renegocia\u00e7\u00f5es resultaram em R$ 677 milh\u00f5es em restitui\u00e7\u00e3o aos cofres p\u00fablicos, por meio de pagamentos \u00e0 vista.<\/p>\n\n\n\n<p>Gerido pelo Minist\u00e9rio da Educa\u00e7\u00e3o e operacionalizado pelo Fundo Nacional de Desenvolvimento da Educa\u00e7\u00e3o (FNDE), o Desenrola Fies oferece condi\u00e7\u00f5es especiais, incluindo descontos para estudantes inscritos no Cadastro \u00danico. Alunos com d\u00edvidas em contratos firmados at\u00e9 2017 e inadimplentes at\u00e9 30 de junho de 2023 podem solicitar a renegocia\u00e7\u00e3o.<\/p>\n\n\n\n<p>As condi\u00e7\u00f5es de renegocia\u00e7\u00e3o variam de acordo com o tempo de inadimpl\u00eancia e se o estudante pertence a fam\u00edlias inscritas no Cadastro \u00danico (Cad\u00danico) at\u00e9 30 de junho de 2023 ou foi benefici\u00e1rio do aux\u00edlio emergencial pago em 2021.<\/p>\n\n\n\n<p>Estudantes com d\u00edvidas em atraso h\u00e1 mais de 360 dias e inscritos no Cad\u00danico ou benefici\u00e1rios do aux\u00edlio emergencial podem obter descontos de 92%, se o atraso for entre 360 dias e cinco anos; e de 99%, se o atraso for superior a cinco anos.<\/p>\n\n\n\n<p>Para os que n\u00e3o est\u00e3o no Cad\u00danico ou n\u00e3o receberam aux\u00edlio emergencial, h\u00e1 outras condi\u00e7\u00f5es de renegocia\u00e7\u00e3o com descontos variados, permitindo o parcelamento da d\u00edvida em at\u00e9 15 vezes ap\u00f3s o desconto.<\/p>\n\n\n\n<p>Fonte: Ag\u00eancia Brasil \/ Foto: Marcello Casal Jr., Ag\u00eancia Brasil<\/p>\n","protected":false},"excerpt":{"rendered":"<p>Com um total de 351.696 contratos j\u00e1 renegociados, o prazo para ades\u00e3o ao Desenrola Fies foi novamente prorrogado \u2013 desta vez, at\u00e9 31 de dezembro. O programa permite a renegocia\u00e7\u00e3o de d\u00edvidas do Fundo de Financiamento Estudantil (Fies). Em maio, o prazo para ades\u00e3o j\u00e1 havia sido prorrogado e venceria neste s\u00e1bado (31). De acordo &hellip; <\/p>\n","protected":false},"author":1,"featured_media":25160,"comment_status":"open","ping_status":"open","sticky":false,"template":"","format":"standard","meta":{"footnotes":""},"categories":[4],"tags":[],"class_list":["post-36027","post","type-post","status-publish","format-standard","has-post-thumbnail","hentry","category-noticias"],"_links":{"self":[{"href":"https:\/\/radioimprensa.com.br\/index.php\/wp-json\/wp\/v2\/posts\/36027","targetHints":{"allow":["GET"]}}],"collection":[{"href":"https:\/\/radioimprensa.com.br\/index.php\/wp-json\/wp\/v2\/posts"}],"about":[{"href":"https:\/\/radioimprensa.com.br\/index.php\/wp-json\/wp\/v2\/types\/post"}],"author":[{"embeddable":true,"href":"https:\/\/radioimprensa.com.br\/index.php\/wp-json\/wp\/v2\/users\/1"}],"replies":[{"embeddable":true,"href":"https:\/\/radioimprensa.com.br\/index.php\/wp-json\/wp\/v2\/comments?post=36027"}],"version-history":[{"count":2,"href":"https:\/\/radioimprensa.com.br\/index.php\/wp-json\/wp\/v2\/posts\/36027\/revisions"}],"predecessor-version":[{"id":36030,"href":"https:\/\/radioimprensa.com.br\/index.php\/wp-json\/wp\/v2\/posts\/36027\/revisions\/36030"}],"wp:featuredmedia":[{"embeddable":true,"href":"https:\/\/radioimprensa.com.br\/index.php\/wp-json\/wp\/v2\/media\/25160"}],"wp:attachment":[{"href":"https:\/\/radioimprensa.com.br\/index.php\/wp-json\/wp\/v2\/media?parent=36027"}],"wp:term":[{"taxonomy":"category","embeddable":true,"href":"https:\/\/radioimprensa.com.br\/index.php\/wp-json\/wp\/v2\/categories?post=36027"},{"taxonomy":"post_tag","embeddable":true,"href":"https:\/\/radioimprensa.com.br\/index.php\/wp-json\/wp\/v2\/tags?post=36027"}],"curies":[{"name":"wp","href":"https:\/\/api.w.org\/{rel}","templated":true}]}}