{"id":36057,"date":"2024-09-12T10:39:32","date_gmt":"2024-09-12T13:39:32","guid":{"rendered":"https:\/\/radioimprensa.com.br\/?p=36057"},"modified":"2024-09-12T10:39:34","modified_gmt":"2024-09-12T13:39:34","slug":"bombeiros-lancam-cursos-on-line-para-prevenir-bullying-e-saude-mental","status":"publish","type":"post","link":"https:\/\/radioimprensa.com.br\/index.php\/2024\/09\/12\/bombeiros-lancam-cursos-on-line-para-prevenir-bullying-e-saude-mental\/","title":{"rendered":"Bombeiros lan\u00e7am cursos on-line para prevenir bullying e sa\u00fade mental"},"content":{"rendered":"\n<p>O Corpo de Bombeiros de SP lan\u00e7ou tr\u00eas novos cursos online, gratuitos, que est\u00e3o dispon\u00edveis na sua Plataforma de Ensino e Aprendizagem.<\/p>\n\n\n\n<p>Voltados para crian\u00e7as, jovens, pais e educadores, os cursos visam conscientizar e educar sobre temas essenciais para o bem-estar e seguran\u00e7a no ambiente escolar.<\/p>\n\n\n\n<p>Os cursos oferecidos s\u00e3o:<\/p>\n\n\n\n<p>-Aprendendo a Identificar e Superar o Bullying (3 horas): Este curso aborda a identifica\u00e7\u00e3o e enfrentamento de situa\u00e7\u00f5es de bullying, com enfoque em quest\u00f5es de sa\u00fade mental, levando em considera\u00e7\u00e3o o ambiente no qual crian\u00e7as e jovens est\u00e3o inseridos.<br>-Sensibiliza\u00e7\u00e3o \u00e0 Sa\u00fade Mental e Preven\u00e7\u00e3o ao Bullying \u2013 Atua\u00e7\u00e3o de Pais (2 horas): Voltado para pais e respons\u00e1veis, o curso oferece orienta\u00e7\u00f5es sobre como lidar com quest\u00f5es de sa\u00fade mental e bullying que afetam seus filhos.<br>-Sensibiliza\u00e7\u00e3o \u00e0 Sa\u00fade Mental e Preven\u00e7\u00e3o ao Bullying \u2013 Atua\u00e7\u00e3o dos Educadores (3 horas): Destinado a educadores, este curso discute temas sens\u00edveis como bullying e sa\u00fade mental no contexto escolar, capacitando-os para identificar e intervir em situa\u00e7\u00f5es problem\u00e1ticas.<\/p>\n\n\n\n<p>Esses cursos s\u00e3o uma excelente oportunidade para todos os interessados em promover um ambiente mais saud\u00e1vel e seguro para as crian\u00e7as e adolescentes. As inscri\u00e7\u00f5es est\u00e3o abertas e podem ser realizadas na plataforma oficial do Corpo de Bombeiros, acess\u00edvel no link\u00a0educacaopublica.corpodebombeiros.sp.gov.br<\/p>\n\n\n\n<p>Fonte: Jornal Cotia Agora \/ Foto: Divulga\u00e7\u00e3o<\/p>\n","protected":false},"excerpt":{"rendered":"<p>O Corpo de Bombeiros de SP lan\u00e7ou tr\u00eas novos cursos online, gratuitos, que est\u00e3o dispon\u00edveis na sua Plataforma de Ensino e Aprendizagem. Voltados para crian\u00e7as, jovens, pais e educadores, os cursos visam conscientizar e educar sobre temas essenciais para o bem-estar e seguran\u00e7a no ambiente escolar. Os cursos oferecidos s\u00e3o: -Aprendendo a Identificar e Superar &hellip; <\/p>\n","protected":false},"author":1,"featured_media":36058,"comment_status":"open","ping_status":"open","sticky":false,"template":"","format":"standard","meta":{"footnotes":""},"categories":[4],"tags":[],"class_list":["post-36057","post","type-post","status-publish","format-standard","has-post-thumbnail","hentry","category-noticias"],"_links":{"self":[{"href":"https:\/\/radioimprensa.com.br\/index.php\/wp-json\/wp\/v2\/posts\/36057","targetHints":{"allow":["GET"]}}],"collection":[{"href":"https:\/\/radioimprensa.com.br\/index.php\/wp-json\/wp\/v2\/posts"}],"about":[{"href":"https:\/\/radioimprensa.com.br\/index.php\/wp-json\/wp\/v2\/types\/post"}],"author":[{"embeddable":true,"href":"https:\/\/radioimprensa.com.br\/index.php\/wp-json\/wp\/v2\/users\/1"}],"replies":[{"embeddable":true,"href":"https:\/\/radioimprensa.com.br\/index.php\/wp-json\/wp\/v2\/comments?post=36057"}],"version-history":[{"count":1,"href":"https:\/\/radioimprensa.com.br\/index.php\/wp-json\/wp\/v2\/posts\/36057\/revisions"}],"predecessor-version":[{"id":36059,"href":"https:\/\/radioimprensa.com.br\/index.php\/wp-json\/wp\/v2\/posts\/36057\/revisions\/36059"}],"wp:featuredmedia":[{"embeddable":true,"href":"https:\/\/radioimprensa.com.br\/index.php\/wp-json\/wp\/v2\/media\/36058"}],"wp:attachment":[{"href":"https:\/\/radioimprensa.com.br\/index.php\/wp-json\/wp\/v2\/media?parent=36057"}],"wp:term":[{"taxonomy":"category","embeddable":true,"href":"https:\/\/radioimprensa.com.br\/index.php\/wp-json\/wp\/v2\/categories?post=36057"},{"taxonomy":"post_tag","embeddable":true,"href":"https:\/\/radioimprensa.com.br\/index.php\/wp-json\/wp\/v2\/tags?post=36057"}],"curies":[{"name":"wp","href":"https:\/\/api.w.org\/{rel}","templated":true}]}}