{"id":36074,"date":"2024-09-18T07:27:28","date_gmt":"2024-09-18T10:27:28","guid":{"rendered":"https:\/\/radioimprensa.com.br\/?p=36074"},"modified":"2024-09-18T07:27:29","modified_gmt":"2024-09-18T10:27:29","slug":"549-sao-favoraveis-ao-retorno-do-horario-de-verao","status":"publish","type":"post","link":"https:\/\/radioimprensa.com.br\/index.php\/2024\/09\/18\/549-sao-favoraveis-ao-retorno-do-horario-de-verao\/","title":{"rendered":"54,9% s\u00e3o favor\u00e1veis ao retorno do Hor\u00e1rio de Ver\u00e3o"},"content":{"rendered":"\n<p>Levantamento feito pelo portal Reclame Aqui e pela Associa\u00e7\u00e3o Brasileira de Bares e Restaurantes (Abrasel) mostra que o\u00a0hor\u00e1rio de ver\u00e3o\u00a0\u00e9 bem-visto pela maioria das pessoas. De acordo com a pesquisa, feita com tr\u00eas mil pessoas, 54,9% dos entrevistados s\u00e3o favor\u00e1veis \u00e0 mudan\u00e7a nos rel\u00f3gios ainda este ano.<img decoding=\"async\" src=\"https:\/\/agenciabrasil.ebc.com.br\/ebc.png?id=1612566&amp;o=node\"><img decoding=\"async\" src=\"https:\/\/agenciabrasil.ebc.com.br\/ebc.gif?id=1612566&amp;o=node\"><\/p>\n\n\n\n<p>Deste total, 41,8% dizem ser totalmente favor\u00e1veis ao retorno do hor\u00e1rio de ver\u00e3o, e 13,1% se revelam parcialmente favor\u00e1veis. Ainda segundo o estudo, 25,8% se mostraram totalmente contr\u00e1rios \u00e0 implementa\u00e7\u00e3o; 17% veem com indiferen\u00e7a a mudan\u00e7a; e 2,2% s\u00e3o parcialmente contr\u00e1rios.<\/p>\n\n\n\n<p>Os maiores \u00edndices de apoio foram observados nas regi\u00f5es onde o hor\u00e1rio era adotado: Sul, Sudeste e Centro-Oeste. <\/p>\n\n\n\n<p>Em paralelo, para 43,6% dos entrevistados, a mudan\u00e7a no hor\u00e1rio ajuda a economizar energia el\u00e9trica e outros recursos. Para 39,9%, a medida n\u00e3o traz economia e 16,4% disseram que n\u00e3o sabem ou n\u00e3o t\u00eam certeza.<\/p>\n\n\n\n<p>Fonte: Ag\u00eancia Brasil \/ Foto: Arquivo Ag\u00eancia Brasil<\/p>\n","protected":false},"excerpt":{"rendered":"<p>Levantamento feito pelo portal Reclame Aqui e pela Associa\u00e7\u00e3o Brasileira de Bares e Restaurantes (Abrasel) mostra que o\u00a0hor\u00e1rio de ver\u00e3o\u00a0\u00e9 bem-visto pela maioria das pessoas. De acordo com a pesquisa, feita com tr\u00eas mil pessoas, 54,9% dos entrevistados s\u00e3o favor\u00e1veis \u00e0 mudan\u00e7a nos rel\u00f3gios ainda este ano. Deste total, 41,8% dizem ser totalmente favor\u00e1veis ao &hellip; <\/p>\n","protected":false},"author":1,"featured_media":18439,"comment_status":"open","ping_status":"open","sticky":false,"template":"","format":"standard","meta":{"footnotes":""},"categories":[4],"tags":[],"class_list":["post-36074","post","type-post","status-publish","format-standard","has-post-thumbnail","hentry","category-noticias"],"_links":{"self":[{"href":"https:\/\/radioimprensa.com.br\/index.php\/wp-json\/wp\/v2\/posts\/36074","targetHints":{"allow":["GET"]}}],"collection":[{"href":"https:\/\/radioimprensa.com.br\/index.php\/wp-json\/wp\/v2\/posts"}],"about":[{"href":"https:\/\/radioimprensa.com.br\/index.php\/wp-json\/wp\/v2\/types\/post"}],"author":[{"embeddable":true,"href":"https:\/\/radioimprensa.com.br\/index.php\/wp-json\/wp\/v2\/users\/1"}],"replies":[{"embeddable":true,"href":"https:\/\/radioimprensa.com.br\/index.php\/wp-json\/wp\/v2\/comments?post=36074"}],"version-history":[{"count":1,"href":"https:\/\/radioimprensa.com.br\/index.php\/wp-json\/wp\/v2\/posts\/36074\/revisions"}],"predecessor-version":[{"id":36075,"href":"https:\/\/radioimprensa.com.br\/index.php\/wp-json\/wp\/v2\/posts\/36074\/revisions\/36075"}],"wp:featuredmedia":[{"embeddable":true,"href":"https:\/\/radioimprensa.com.br\/index.php\/wp-json\/wp\/v2\/media\/18439"}],"wp:attachment":[{"href":"https:\/\/radioimprensa.com.br\/index.php\/wp-json\/wp\/v2\/media?parent=36074"}],"wp:term":[{"taxonomy":"category","embeddable":true,"href":"https:\/\/radioimprensa.com.br\/index.php\/wp-json\/wp\/v2\/categories?post=36074"},{"taxonomy":"post_tag","embeddable":true,"href":"https:\/\/radioimprensa.com.br\/index.php\/wp-json\/wp\/v2\/tags?post=36074"}],"curies":[{"name":"wp","href":"https:\/\/api.w.org\/{rel}","templated":true}]}}