{"id":36076,"date":"2024-09-18T07:55:22","date_gmt":"2024-09-18T10:55:22","guid":{"rendered":"https:\/\/radioimprensa.com.br\/?p=36076"},"modified":"2024-09-18T07:55:24","modified_gmt":"2024-09-18T10:55:24","slug":"correios-abrem-adesao-a-programa-de-desligamento-voluntario","status":"publish","type":"post","link":"https:\/\/radioimprensa.com.br\/index.php\/2024\/09\/18\/correios-abrem-adesao-a-programa-de-desligamento-voluntario\/","title":{"rendered":"Correios abrem ades\u00e3o a Programa de Desligamento Volunt\u00e1rio"},"content":{"rendered":"\n<p>Os Correios iniciaram o per\u00edodo de ades\u00e3o ao Programa de Desligamento Volunt\u00e1rio (PDV), voltado para quem trabalha na empresa h\u00e1 pelo menos 25 anos e tem entre 55 e 75 anos de idade.\u00a0Anunciado\u00a0no in\u00edcio de julho, em conjunto com a realiza\u00e7\u00e3o de um novo concurso p\u00fablico, o PDV vai oferecer incentivo financeiro para quem quer sair dos Correios.\u00a0<img decoding=\"async\" src=\"https:\/\/agenciabrasil.ebc.com.br\/ebc.png?id=1612587&amp;o=node\"><img decoding=\"async\" src=\"https:\/\/agenciabrasil.ebc.com.br\/ebc.gif?id=1612587&amp;o=node\"><\/p>\n\n\n\n<p>As inscri\u00e7\u00f5es come\u00e7aram ontem (16) e v\u00e3o at\u00e9 a pr\u00f3xima ter\u00e7a-feira (24). Segundo a empresa, os empregados que quiserem participar do programa devem estar ativos na data do desligamento e ter tido pelo menos 36 meses de remunera\u00e7\u00e3o nos \u00faltimos 60 meses.<\/p>\n\n\n\n<p>Pelas regras do PDV, cada funcion\u00e1rio que aderir ao programa receber\u00e1 uma indeniza\u00e7\u00e3o calculada a partir de uma f\u00f3rmula que leva em considera\u00e7\u00e3o, entre outros fatores, a m\u00e9dia aritm\u00e9tica dos valores recebidos pelo empregado nos \u00faltimos 60 meses, contados a partir de 31 de agosto; uma pontua\u00e7\u00e3o calculada com base e cada efetivo de exerc\u00edcio, contados a partir da data de admiss\u00e3o; idade, fun\u00e7\u00e3o e um adicional de aposentadoria.<\/p>\n\n\n\n<p>Fonte: Ag\u00eancia Brasil \/ Foto: Arquivo Ag\u00eancia Brasil<\/p>\n","protected":false},"excerpt":{"rendered":"<p>Os Correios iniciaram o per\u00edodo de ades\u00e3o ao Programa de Desligamento Volunt\u00e1rio (PDV), voltado para quem trabalha na empresa h\u00e1 pelo menos 25 anos e tem entre 55 e 75 anos de idade.\u00a0Anunciado\u00a0no in\u00edcio de julho, em conjunto com a realiza\u00e7\u00e3o de um novo concurso p\u00fablico, o PDV vai oferecer incentivo financeiro para quem quer &hellip; <\/p>\n","protected":false},"author":1,"featured_media":22353,"comment_status":"open","ping_status":"open","sticky":false,"template":"","format":"standard","meta":{"footnotes":""},"categories":[4],"tags":[],"class_list":["post-36076","post","type-post","status-publish","format-standard","has-post-thumbnail","hentry","category-noticias"],"_links":{"self":[{"href":"https:\/\/radioimprensa.com.br\/index.php\/wp-json\/wp\/v2\/posts\/36076","targetHints":{"allow":["GET"]}}],"collection":[{"href":"https:\/\/radioimprensa.com.br\/index.php\/wp-json\/wp\/v2\/posts"}],"about":[{"href":"https:\/\/radioimprensa.com.br\/index.php\/wp-json\/wp\/v2\/types\/post"}],"author":[{"embeddable":true,"href":"https:\/\/radioimprensa.com.br\/index.php\/wp-json\/wp\/v2\/users\/1"}],"replies":[{"embeddable":true,"href":"https:\/\/radioimprensa.com.br\/index.php\/wp-json\/wp\/v2\/comments?post=36076"}],"version-history":[{"count":1,"href":"https:\/\/radioimprensa.com.br\/index.php\/wp-json\/wp\/v2\/posts\/36076\/revisions"}],"predecessor-version":[{"id":36077,"href":"https:\/\/radioimprensa.com.br\/index.php\/wp-json\/wp\/v2\/posts\/36076\/revisions\/36077"}],"wp:featuredmedia":[{"embeddable":true,"href":"https:\/\/radioimprensa.com.br\/index.php\/wp-json\/wp\/v2\/media\/22353"}],"wp:attachment":[{"href":"https:\/\/radioimprensa.com.br\/index.php\/wp-json\/wp\/v2\/media?parent=36076"}],"wp:term":[{"taxonomy":"category","embeddable":true,"href":"https:\/\/radioimprensa.com.br\/index.php\/wp-json\/wp\/v2\/categories?post=36076"},{"taxonomy":"post_tag","embeddable":true,"href":"https:\/\/radioimprensa.com.br\/index.php\/wp-json\/wp\/v2\/tags?post=36076"}],"curies":[{"name":"wp","href":"https:\/\/api.w.org\/{rel}","templated":true}]}}