{"id":36082,"date":"2024-09-23T11:26:55","date_gmt":"2024-09-23T14:26:55","guid":{"rendered":"https:\/\/radioimprensa.com.br\/?p=36082"},"modified":"2024-09-23T11:26:56","modified_gmt":"2024-09-23T14:26:56","slug":"liberadas-as-consultas-ao-ultimo-lote-das-restituicoes-do-ir","status":"publish","type":"post","link":"https:\/\/radioimprensa.com.br\/index.php\/2024\/09\/23\/liberadas-as-consultas-ao-ultimo-lote-das-restituicoes-do-ir\/","title":{"rendered":"Liberadas as consultas ao \u00faltimo lote das restitui\u00e7\u00f5es do IR"},"content":{"rendered":"\n<p>A partir das 10h desta segunda-feira (23), cerca de 511 mil contribuintes que entregaram a Declara\u00e7\u00e3o do Imposto de Renda Pessoa F\u00edsica saber\u00e3o se acertaram as contas com o Le\u00e3o. Nesse hor\u00e1rio, a Receita Federal libera a consulta ao \u00faltimo dos cinco lotes de restitui\u00e7\u00e3o de 2024, com a inclus\u00e3o de cerca de 86 mil contribuintes do Rio Grande do Sul com direito a receber. O lote tamb\u00e9m contempla restitui\u00e7\u00f5es residuais de anos anteriores.<img decoding=\"async\" src=\"https:\/\/agenciabrasil.ebc.com.br\/ebc.png?id=1613187&amp;o=node\"><img decoding=\"async\" src=\"https:\/\/agenciabrasil.ebc.com.br\/ebc.gif?id=1613187&amp;o=node\"><\/p>\n\n\n\n<p>Ao todo, 511.025 contribuintes receber\u00e3o R$ 1,03 bilh\u00e3o. Cerca de 40% do valor, informou o Fisco, ir\u00e1 para contribuintes com prioridade no reembolso.<\/p>\n\n\n\n<p>A consulta pode ser feita na\u00a0p\u00e1gina da Receita Federal na internet. Basta o contribuinte clicar em \u201cMeu Imposto de Renda\u201d e, em seguida, no bot\u00e3o \u201cConsultar a Restitui\u00e7\u00e3o\u201d. Tamb\u00e9m \u00e9 poss\u00edvel fazer a consulta no aplicativo da Receita Federal para tablets e smartphones.<\/p>\n\n\n\n<p>O pagamento ser\u00e1 feito em 30 de setembro, na conta ou na chave Pix do tipo CPF informada na declara\u00e7\u00e3o do Imposto de Renda. Caso o contribuinte n\u00e3o esteja na lista, dever\u00e1 entrar no\u00a0Centro Virtual de Atendimento ao Contribuinte\u00a0(e-CAC) e tirar o extrato da declara\u00e7\u00e3o. Se verificar uma pend\u00eancia, pode enviar uma declara\u00e7\u00e3o retificadora e esperar os pr\u00f3ximos lotes da malha fina.<\/p>\n\n\n\n<p>Fonte: Ag\u00eancia Brasil \/ Foto: Marcelo Camargo, Ag\u00eancia Brasil<\/p>\n","protected":false},"excerpt":{"rendered":"<p>A partir das 10h desta segunda-feira (23), cerca de 511 mil contribuintes que entregaram a Declara\u00e7\u00e3o do Imposto de Renda Pessoa F\u00edsica saber\u00e3o se acertaram as contas com o Le\u00e3o. Nesse hor\u00e1rio, a Receita Federal libera a consulta ao \u00faltimo dos cinco lotes de restitui\u00e7\u00e3o de 2024, com a inclus\u00e3o de cerca de 86 mil &hellip; <\/p>\n","protected":false},"author":1,"featured_media":27894,"comment_status":"open","ping_status":"open","sticky":false,"template":"","format":"standard","meta":{"footnotes":""},"categories":[4],"tags":[],"class_list":["post-36082","post","type-post","status-publish","format-standard","has-post-thumbnail","hentry","category-noticias"],"_links":{"self":[{"href":"https:\/\/radioimprensa.com.br\/index.php\/wp-json\/wp\/v2\/posts\/36082","targetHints":{"allow":["GET"]}}],"collection":[{"href":"https:\/\/radioimprensa.com.br\/index.php\/wp-json\/wp\/v2\/posts"}],"about":[{"href":"https:\/\/radioimprensa.com.br\/index.php\/wp-json\/wp\/v2\/types\/post"}],"author":[{"embeddable":true,"href":"https:\/\/radioimprensa.com.br\/index.php\/wp-json\/wp\/v2\/users\/1"}],"replies":[{"embeddable":true,"href":"https:\/\/radioimprensa.com.br\/index.php\/wp-json\/wp\/v2\/comments?post=36082"}],"version-history":[{"count":1,"href":"https:\/\/radioimprensa.com.br\/index.php\/wp-json\/wp\/v2\/posts\/36082\/revisions"}],"predecessor-version":[{"id":36083,"href":"https:\/\/radioimprensa.com.br\/index.php\/wp-json\/wp\/v2\/posts\/36082\/revisions\/36083"}],"wp:featuredmedia":[{"embeddable":true,"href":"https:\/\/radioimprensa.com.br\/index.php\/wp-json\/wp\/v2\/media\/27894"}],"wp:attachment":[{"href":"https:\/\/radioimprensa.com.br\/index.php\/wp-json\/wp\/v2\/media?parent=36082"}],"wp:term":[{"taxonomy":"category","embeddable":true,"href":"https:\/\/radioimprensa.com.br\/index.php\/wp-json\/wp\/v2\/categories?post=36082"},{"taxonomy":"post_tag","embeddable":true,"href":"https:\/\/radioimprensa.com.br\/index.php\/wp-json\/wp\/v2\/tags?post=36082"}],"curies":[{"name":"wp","href":"https:\/\/api.w.org\/{rel}","templated":true}]}}