{"id":36099,"date":"2024-10-03T11:31:53","date_gmt":"2024-10-03T14:31:53","guid":{"rendered":"https:\/\/radioimprensa.com.br\/?p=36099"},"modified":"2024-10-03T11:31:54","modified_gmt":"2024-10-03T14:31:54","slug":"jornalista-cid-moreira-faleceu-nesta-quinta-feira","status":"publish","type":"post","link":"https:\/\/radioimprensa.com.br\/index.php\/2024\/10\/03\/jornalista-cid-moreira-faleceu-nesta-quinta-feira\/","title":{"rendered":"Jornalista Cid Moreira faleceu nesta quinta-feira"},"content":{"rendered":"\n<p>Morreu nesta quinta-feira (3) o jornalista, locutor e apresentador\u00a0Cid Moreira,\u00a0um dos rostos mais ic\u00f4nicos da televis\u00e3o brasileira, aos 97 anos.<\/p>\n\n\n\n<p>Ele estava internado no Hospital Santa Teresa, em\u00a0Petr\u00f3polis, na Regi\u00e3o Serrana do RJ, desde o dia 4 de setembro, quando deu entrada com insufici\u00eancia renal cr\u00f4nica \u2014 antes, vinha tratando de uma pneumonia em casa.\u00a0O quadro piorou, e \u00e0s 8h desta quinta Cid morreu de fal\u00eancia m\u00faltipla dos \u00f3rg\u00e3os.<\/p>\n\n\n\n<p>Segundo o Mem\u00f3ria Globo, Cid Moreira apresentou o Jornal Nacional cerca de\u00a08 mil vezes.<\/p>\n\n\n\n<p>Fonte: G1 \/ Foto: Reprodu\u00e7\u00e3o<\/p>\n","protected":false},"excerpt":{"rendered":"<p>Morreu nesta quinta-feira (3) o jornalista, locutor e apresentador\u00a0Cid Moreira,\u00a0um dos rostos mais ic\u00f4nicos da televis\u00e3o brasileira, aos 97 anos. Ele estava internado no Hospital Santa Teresa, em\u00a0Petr\u00f3polis, na Regi\u00e3o Serrana do RJ, desde o dia 4 de setembro, quando deu entrada com insufici\u00eancia renal cr\u00f4nica \u2014 antes, vinha tratando de uma pneumonia em casa.\u00a0O &hellip; <\/p>\n","protected":false},"author":1,"featured_media":36100,"comment_status":"open","ping_status":"open","sticky":false,"template":"","format":"standard","meta":{"footnotes":""},"categories":[4],"tags":[],"class_list":["post-36099","post","type-post","status-publish","format-standard","has-post-thumbnail","hentry","category-noticias"],"_links":{"self":[{"href":"https:\/\/radioimprensa.com.br\/index.php\/wp-json\/wp\/v2\/posts\/36099","targetHints":{"allow":["GET"]}}],"collection":[{"href":"https:\/\/radioimprensa.com.br\/index.php\/wp-json\/wp\/v2\/posts"}],"about":[{"href":"https:\/\/radioimprensa.com.br\/index.php\/wp-json\/wp\/v2\/types\/post"}],"author":[{"embeddable":true,"href":"https:\/\/radioimprensa.com.br\/index.php\/wp-json\/wp\/v2\/users\/1"}],"replies":[{"embeddable":true,"href":"https:\/\/radioimprensa.com.br\/index.php\/wp-json\/wp\/v2\/comments?post=36099"}],"version-history":[{"count":1,"href":"https:\/\/radioimprensa.com.br\/index.php\/wp-json\/wp\/v2\/posts\/36099\/revisions"}],"predecessor-version":[{"id":36101,"href":"https:\/\/radioimprensa.com.br\/index.php\/wp-json\/wp\/v2\/posts\/36099\/revisions\/36101"}],"wp:featuredmedia":[{"embeddable":true,"href":"https:\/\/radioimprensa.com.br\/index.php\/wp-json\/wp\/v2\/media\/36100"}],"wp:attachment":[{"href":"https:\/\/radioimprensa.com.br\/index.php\/wp-json\/wp\/v2\/media?parent=36099"}],"wp:term":[{"taxonomy":"category","embeddable":true,"href":"https:\/\/radioimprensa.com.br\/index.php\/wp-json\/wp\/v2\/categories?post=36099"},{"taxonomy":"post_tag","embeddable":true,"href":"https:\/\/radioimprensa.com.br\/index.php\/wp-json\/wp\/v2\/tags?post=36099"}],"curies":[{"name":"wp","href":"https:\/\/api.w.org\/{rel}","templated":true}]}}