{"id":36103,"date":"2024-10-07T07:45:27","date_gmt":"2024-10-07T10:45:27","guid":{"rendered":"https:\/\/radioimprensa.com.br\/?p=36103"},"modified":"2024-10-07T07:45:28","modified_gmt":"2024-10-07T10:45:28","slug":"primeiro-turno-teve-515-prisoes-por-crimes-eleitorais","status":"publish","type":"post","link":"https:\/\/radioimprensa.com.br\/index.php\/2024\/10\/07\/primeiro-turno-teve-515-prisoes-por-crimes-eleitorais\/","title":{"rendered":"Primeiro turno teve 515 pris\u00f5es por crimes eleitorais"},"content":{"rendered":"\n<p>O primeiro turno das elei\u00e7\u00f5es municipais, realizado neste domingo (6), teve&nbsp;2.618 crimes eleitorais e 515 pris\u00f5es, segundo balan\u00e7o parcial do&nbsp;Minist\u00e9rio da Justi\u00e7a e Seguran\u00e7a P\u00fablica (MJSP) gerado \u00e0s 19h30. O balan\u00e7o final est\u00e1 previsto para a manh\u00e3 desta segunda-feira (7).<img decoding=\"async\" src=\"https:\/\/agenciabrasil.ebc.com.br\/ebc.png?id=1614699&amp;o=node\"><img decoding=\"async\" src=\"https:\/\/agenciabrasil.ebc.com.br\/ebc.gif?id=1614699&amp;o=node\"><\/p>\n\n\n\n<p>Entre as mais de 500 pris\u00f5es contabilizadas at\u00e9 agora, 22 foram de candidatos flagrados cometendo crimes.<\/p>\n\n\n\n<p>As ocorr\u00eancias de boca de urna foram maior parte dos crimes eleitorais, com 1.057 flagrantes.&nbsp;O crime de compra de votos\/corrup\u00e7\u00e3o eleitoral foi o segundo mais cometido,&nbsp;com um total de 423 ocorr\u00eancias.&nbsp;O balan\u00e7o informa ainda os registros de&nbsp;propaganda eleitoral irregular, 309; de viola\u00e7\u00e3o ou de tentativa de viola\u00e7\u00e3o do sigilo de voto, 203; e de desobedi\u00eancia a ordens da Justi\u00e7a Eleitoral, 64.<\/p>\n\n\n\n<p>Os agentes de fiscaliza\u00e7\u00e3o apreenderam&nbsp;mais de R$ 520 mil nas ocorr\u00eancias. Outras apreens\u00f5es foram 47 ve\u00edculos em uso para transporte irregular de eleitores e 28 armas de fogo em posse dos abordados.&nbsp;<\/p>\n\n\n\n<p>Os dados s\u00e3o enviados ao Minist\u00e9rio da Justi\u00e7a e Seguran\u00e7a P\u00fablica pelas secretarias de seguran\u00e7a p\u00fablica estaduais e pelas equipes da Pol\u00edcia Federal, da Pol\u00edcia Rodovi\u00e1ria Federal e da For\u00e7a Nacional de Seguran\u00e7a P\u00fablica que atuam nos estados.<\/p>\n\n\n\n<p>Fonte: Ag\u00eancia Brasil \/ Foto: Paulo Pinto, Ag\u00eancia Brasil<\/p>\n","protected":false},"excerpt":{"rendered":"<p>O primeiro turno das elei\u00e7\u00f5es municipais, realizado neste domingo (6), teve&nbsp;2.618 crimes eleitorais e 515 pris\u00f5es, segundo balan\u00e7o parcial do&nbsp;Minist\u00e9rio da Justi\u00e7a e Seguran\u00e7a P\u00fablica (MJSP) gerado \u00e0s 19h30. O balan\u00e7o final est\u00e1 previsto para a manh\u00e3 desta segunda-feira (7). Entre as mais de 500 pris\u00f5es contabilizadas at\u00e9 agora, 22 foram de candidatos flagrados cometendo &hellip; <\/p>\n","protected":false},"author":1,"featured_media":36104,"comment_status":"open","ping_status":"open","sticky":false,"template":"","format":"standard","meta":{"footnotes":""},"categories":[4],"tags":[],"class_list":["post-36103","post","type-post","status-publish","format-standard","has-post-thumbnail","hentry","category-noticias"],"_links":{"self":[{"href":"https:\/\/radioimprensa.com.br\/index.php\/wp-json\/wp\/v2\/posts\/36103","targetHints":{"allow":["GET"]}}],"collection":[{"href":"https:\/\/radioimprensa.com.br\/index.php\/wp-json\/wp\/v2\/posts"}],"about":[{"href":"https:\/\/radioimprensa.com.br\/index.php\/wp-json\/wp\/v2\/types\/post"}],"author":[{"embeddable":true,"href":"https:\/\/radioimprensa.com.br\/index.php\/wp-json\/wp\/v2\/users\/1"}],"replies":[{"embeddable":true,"href":"https:\/\/radioimprensa.com.br\/index.php\/wp-json\/wp\/v2\/comments?post=36103"}],"version-history":[{"count":1,"href":"https:\/\/radioimprensa.com.br\/index.php\/wp-json\/wp\/v2\/posts\/36103\/revisions"}],"predecessor-version":[{"id":36105,"href":"https:\/\/radioimprensa.com.br\/index.php\/wp-json\/wp\/v2\/posts\/36103\/revisions\/36105"}],"wp:featuredmedia":[{"embeddable":true,"href":"https:\/\/radioimprensa.com.br\/index.php\/wp-json\/wp\/v2\/media\/36104"}],"wp:attachment":[{"href":"https:\/\/radioimprensa.com.br\/index.php\/wp-json\/wp\/v2\/media?parent=36103"}],"wp:term":[{"taxonomy":"category","embeddable":true,"href":"https:\/\/radioimprensa.com.br\/index.php\/wp-json\/wp\/v2\/categories?post=36103"},{"taxonomy":"post_tag","embeddable":true,"href":"https:\/\/radioimprensa.com.br\/index.php\/wp-json\/wp\/v2\/tags?post=36103"}],"curies":[{"name":"wp","href":"https:\/\/api.w.org\/{rel}","templated":true}]}}