{"id":36113,"date":"2024-10-16T06:28:40","date_gmt":"2024-10-16T09:28:40","guid":{"rendered":"https:\/\/radioimprensa.com.br\/?p=36113"},"modified":"2024-10-16T06:28:42","modified_gmt":"2024-10-16T09:28:42","slug":"governo-de-sp-segue-defendendo-a-ideia-de-retirar-concessao-da-enel","status":"publish","type":"post","link":"https:\/\/radioimprensa.com.br\/index.php\/2024\/10\/16\/governo-de-sp-segue-defendendo-a-ideia-de-retirar-concessao-da-enel\/","title":{"rendered":"Governo de SP segue defendendo a ideia de retirar concess\u00e3o da Enel"},"content":{"rendered":"\n<p>O governador de S\u00e3o Paulo, Tarc\u00edsio de Freitas, defendeu ontem (15) o fim da concess\u00e3o da Enel, empresa respons\u00e1vel pela distribui\u00e7\u00e3o de energia em S\u00e3o Paulo. Em entrevista a jornalistas ap\u00f3s participar da solenidade em comemora\u00e7\u00e3o aos 54 anos das Rondas Ostensivas Tobias de Aguiar (Rota), na capital paulista, o governador afirmou que a empresa \u201ctem que sair do Brasil\u201d.<img decoding=\"async\" src=\"https:\/\/agenciabrasil.ebc.com.br\/ebc.png?id=1615584&amp;o=node\"><img decoding=\"async\" src=\"https:\/\/agenciabrasil.ebc.com.br\/ebc.gif?id=1615584&amp;o=node\"><\/p>\n\n\n\n<p>\u201cNos \u00faltimos tempos, tem-se discutido a possibilidade de prorroga\u00e7\u00e3o desse contrato, quando dever\u00edamos estar estruturando j\u00e1 uma nova licita\u00e7\u00e3o, uma nova concess\u00e3o, porque, sabidamente, essa empresa n\u00e3o tem condi\u00e7\u00f5es de prestar o servi\u00e7o. Onde ela esteve no Brasil, ela fracassou\u201d, disse o governador. \u201cEst\u00e1 claro que ela \u00e9 incompetente e n\u00e3o se preparou para gerir a distribui\u00e7\u00e3o de energia na cidade de S\u00e3o Paulo. Est\u00e1 claro que ela tem que sair daqui. Ela tem que sair do Brasil\u201d, complementou.<\/p>\n\n\n\n<p>Para ele, \u00e9 preciso abrir um processo de caducidade, que significa a extin\u00e7\u00e3o ou a suspens\u00e3o do contrato. \u201cA empresa, com um processo de caducidade na cabe\u00e7a, come\u00e7a a trabalhar. Se ela n\u00e3o trabalhar, vamos ter a extin\u00e7\u00e3o do contrato e n\u00f3s vamos fazer uma nova licita\u00e7\u00e3o e vamos colocar uma nova empresa.\u201d&nbsp;Segundo o governador, n\u00e3o adianta somente aplicar multas \u00e0 Enel porque ela continua deixando de pag\u00e1-las.<\/p>\n\n\n\n<p>\u201cEla n\u00e3o paga multas aplicadas pelo Procon ou pelo regulador [Ag\u00eancia Nacional de Energia El\u00e9trica, a Aneel]. Ent\u00e3o precisa de a\u00e7\u00f5es mais firmes. E a regula\u00e7\u00e3o tem esses instrumentos. Poderia ter sido decretada&nbsp;interven\u00e7\u00e3o na concess\u00e3o, o que n\u00e3o foi feito at\u00e9 hoje. Poderia ter sido pedida&nbsp;a abertura de um processo de caducidade, o que n\u00e3o foi feito at\u00e9 hoje. Foi elaborado um plano de conting\u00eancia com a concession\u00e1ria, mas ela n\u00e3o cumpriu. Ela tinha que ter 2,5 mil pessoas [trabalhadores da empresa] na rua imediatamente ap\u00f3s a chuva, mas ela n\u00e3o teve. Ela passou o final de semana todo com pouco mais de mil pessoas mobilizadas, sem cumprir o que estava determinado. Ela tinha o compromisso de contratar pessoas e n\u00e3o contratou\u201d, reclamou o governador.<\/p>\n\n\n\n<p>Segundo a Enel, em boletim divulgado \u00e0s 17h30 de hoje, mais de 158 mil clientes da Grande S\u00e3o Paulo continuam sem energia el\u00e9trica ap\u00f3s o temporal registrado na noite da \u00faltima sexta-feira (11). A empresa informou, no entanto, que \u201csegue trabalhando para restabelecer a energia\u201d.<\/p>\n\n\n\n<p>Fonte: Ag\u00eancia Brasil \/ Foto: Fernando Nascimento, Governo de SP<\/p>\n","protected":false},"excerpt":{"rendered":"<p>O governador de S\u00e3o Paulo, Tarc\u00edsio de Freitas, defendeu ontem (15) o fim da concess\u00e3o da Enel, empresa respons\u00e1vel pela distribui\u00e7\u00e3o de energia em S\u00e3o Paulo. Em entrevista a jornalistas ap\u00f3s participar da solenidade em comemora\u00e7\u00e3o aos 54 anos das Rondas Ostensivas Tobias de Aguiar (Rota), na capital paulista, o governador afirmou que a empresa &hellip; <\/p>\n","protected":false},"author":1,"featured_media":33958,"comment_status":"open","ping_status":"open","sticky":false,"template":"","format":"standard","meta":{"footnotes":""},"categories":[4],"tags":[],"class_list":["post-36113","post","type-post","status-publish","format-standard","has-post-thumbnail","hentry","category-noticias"],"_links":{"self":[{"href":"https:\/\/radioimprensa.com.br\/index.php\/wp-json\/wp\/v2\/posts\/36113","targetHints":{"allow":["GET"]}}],"collection":[{"href":"https:\/\/radioimprensa.com.br\/index.php\/wp-json\/wp\/v2\/posts"}],"about":[{"href":"https:\/\/radioimprensa.com.br\/index.php\/wp-json\/wp\/v2\/types\/post"}],"author":[{"embeddable":true,"href":"https:\/\/radioimprensa.com.br\/index.php\/wp-json\/wp\/v2\/users\/1"}],"replies":[{"embeddable":true,"href":"https:\/\/radioimprensa.com.br\/index.php\/wp-json\/wp\/v2\/comments?post=36113"}],"version-history":[{"count":1,"href":"https:\/\/radioimprensa.com.br\/index.php\/wp-json\/wp\/v2\/posts\/36113\/revisions"}],"predecessor-version":[{"id":36114,"href":"https:\/\/radioimprensa.com.br\/index.php\/wp-json\/wp\/v2\/posts\/36113\/revisions\/36114"}],"wp:featuredmedia":[{"embeddable":true,"href":"https:\/\/radioimprensa.com.br\/index.php\/wp-json\/wp\/v2\/media\/33958"}],"wp:attachment":[{"href":"https:\/\/radioimprensa.com.br\/index.php\/wp-json\/wp\/v2\/media?parent=36113"}],"wp:term":[{"taxonomy":"category","embeddable":true,"href":"https:\/\/radioimprensa.com.br\/index.php\/wp-json\/wp\/v2\/categories?post=36113"},{"taxonomy":"post_tag","embeddable":true,"href":"https:\/\/radioimprensa.com.br\/index.php\/wp-json\/wp\/v2\/tags?post=36113"}],"curies":[{"name":"wp","href":"https:\/\/api.w.org\/{rel}","templated":true}]}}