{"id":36125,"date":"2024-10-19T10:27:58","date_gmt":"2024-10-19T13:27:58","guid":{"rendered":"https:\/\/radioimprensa.com.br\/?p=36125"},"modified":"2024-10-19T10:27:59","modified_gmt":"2024-10-19T13:27:59","slug":"sexto-voo-da-fab-de-repatriados-do-libano-pousou-em-guarulhos","status":"publish","type":"post","link":"https:\/\/radioimprensa.com.br\/index.php\/2024\/10\/19\/sexto-voo-da-fab-de-repatriados-do-libano-pousou-em-guarulhos\/","title":{"rendered":"Sexto voo da FAB de repatriados do L\u00edbano pousou em Guarulhos"},"content":{"rendered":"\n<p>A\u00a0For\u00e7a A\u00e9rea Brasileira\u00a0(FAB) informou que o\u00a0sexto voo destinado \u00e0 opera\u00e7\u00e3o de repatria\u00e7\u00e3o de brasileiros no L\u00edbano\u00a0pousou \u00e0s 7h15 da manh\u00e3 deste s\u00e1bado (19) na Base A\u00e9rea de S\u00e3o Paulo (BASP), em Guarulhos, na Grande SP.<\/p>\n\n\n\n<p>A bordo da aeronave, estavam 212 passageiros, incluindo 14 crian\u00e7as de colo, e um gato. Com a chegada do sexto voo, a Opera\u00e7\u00e3o Ra\u00edzes do Cedro totaliza 1.317 passageiros e 15 pets (11 gatos e quatro cachorros) resgatados desde 2 de outubro.<\/p>\n\n\n\n<p>Os passageiros s\u00e3o brasileiros, estrangeiros parentes de primeiro grau dos cidad\u00e3os e estrangeiros que foram transportados pela FAB a pedido dos governos dos seus respectivos pa\u00edses.<\/p>\n\n\n\n<p>Segundo o governo, a composi\u00e7\u00e3o da lista de passageiros prioriza mulheres, crian\u00e7as, idosos e brasileiros que n\u00e3o residem no L\u00edbano.<\/p>\n\n\n\n<p>Veja abaixo quantas pessoas foram repatriadas em cada voo da FAB:<\/p>\n\n\n\n<ul class=\"wp-block-list\">\n<li><strong>Primeiro voo<\/strong>: 229 pessoas;<\/li>\n\n\n\n<li><strong>Segundo voo<\/strong>: 227 pessoas.<\/li>\n\n\n\n<li><strong>Terceiro voo<\/strong>: 217 pessoas;<\/li>\n\n\n\n<li><strong>Quarto voo<\/strong>: 211 pessoas;<\/li>\n\n\n\n<li><strong>Quinto voo:<\/strong>\u00a0220 pessoas.<\/li>\n\n\n\n<li><strong>Sexto voo:<\/strong> 212 pessoas<\/li>\n<\/ul>\n\n\n\n<p>Fonte: G1 \/ Foto: Reprodu\u00e7\u00e3o via TV Globo<\/p>\n","protected":false},"excerpt":{"rendered":"<p>A\u00a0For\u00e7a A\u00e9rea Brasileira\u00a0(FAB) informou que o\u00a0sexto voo destinado \u00e0 opera\u00e7\u00e3o de repatria\u00e7\u00e3o de brasileiros no L\u00edbano\u00a0pousou \u00e0s 7h15 da manh\u00e3 deste s\u00e1bado (19) na Base A\u00e9rea de S\u00e3o Paulo (BASP), em Guarulhos, na Grande SP. A bordo da aeronave, estavam 212 passageiros, incluindo 14 crian\u00e7as de colo, e um gato. Com a chegada do sexto &hellip; <\/p>\n","protected":false},"author":1,"featured_media":36126,"comment_status":"open","ping_status":"open","sticky":false,"template":"","format":"standard","meta":{"footnotes":""},"categories":[4],"tags":[],"class_list":["post-36125","post","type-post","status-publish","format-standard","has-post-thumbnail","hentry","category-noticias"],"_links":{"self":[{"href":"https:\/\/radioimprensa.com.br\/index.php\/wp-json\/wp\/v2\/posts\/36125","targetHints":{"allow":["GET"]}}],"collection":[{"href":"https:\/\/radioimprensa.com.br\/index.php\/wp-json\/wp\/v2\/posts"}],"about":[{"href":"https:\/\/radioimprensa.com.br\/index.php\/wp-json\/wp\/v2\/types\/post"}],"author":[{"embeddable":true,"href":"https:\/\/radioimprensa.com.br\/index.php\/wp-json\/wp\/v2\/users\/1"}],"replies":[{"embeddable":true,"href":"https:\/\/radioimprensa.com.br\/index.php\/wp-json\/wp\/v2\/comments?post=36125"}],"version-history":[{"count":1,"href":"https:\/\/radioimprensa.com.br\/index.php\/wp-json\/wp\/v2\/posts\/36125\/revisions"}],"predecessor-version":[{"id":36127,"href":"https:\/\/radioimprensa.com.br\/index.php\/wp-json\/wp\/v2\/posts\/36125\/revisions\/36127"}],"wp:featuredmedia":[{"embeddable":true,"href":"https:\/\/radioimprensa.com.br\/index.php\/wp-json\/wp\/v2\/media\/36126"}],"wp:attachment":[{"href":"https:\/\/radioimprensa.com.br\/index.php\/wp-json\/wp\/v2\/media?parent=36125"}],"wp:term":[{"taxonomy":"category","embeddable":true,"href":"https:\/\/radioimprensa.com.br\/index.php\/wp-json\/wp\/v2\/categories?post=36125"},{"taxonomy":"post_tag","embeddable":true,"href":"https:\/\/radioimprensa.com.br\/index.php\/wp-json\/wp\/v2\/tags?post=36125"}],"curies":[{"name":"wp","href":"https:\/\/api.w.org\/{rel}","templated":true}]}}