{"id":36128,"date":"2024-10-22T10:46:49","date_gmt":"2024-10-22T13:46:49","guid":{"rendered":"https:\/\/radioimprensa.com.br\/?p=36128"},"modified":"2024-10-22T10:46:51","modified_gmt":"2024-10-22T13:46:51","slug":"homens-sao-flagrados-roubando-pecas-de-trem","status":"publish","type":"post","link":"https:\/\/radioimprensa.com.br\/index.php\/2024\/10\/22\/homens-sao-flagrados-roubando-pecas-de-trem\/","title":{"rendered":"Homens s\u00e3o flagrados roubando pe\u00e7as de trem"},"content":{"rendered":"\n<p>Tr\u00eas criminosos foram flagrados roubando pe\u00e7as e fios de um trem da Linha 8-Diamante, da ViaMobilidade, que estava parado em Itapevi, na Grande S\u00e3o Paulo.<\/p>\n\n\n\n<p>O registro do crime foi feito por passageiros da ViaMobilidade e compartilhado pelo Di\u00e1rio do Transporte. Ap\u00f3s o roubo, eles fugiram por cima do muro.<\/p>\n\n\n\n<p>A concession\u00e1ria informou, em nota, que lamenta \u201catos de vandalismo que comprometam a opera\u00e7\u00e3o do sistema de transportes\u201d e que promove a\u00e7\u00f5es que visam coibir a pr\u00e1tica de furtos. Para isso, segundo a empresa, aumentou o n\u00famero de patrulhas com seguran\u00e7as a p\u00e9 e de moto-ronda.&nbsp;<\/p>\n\n\n\n<p>\u201cH\u00e1 tamb\u00e9m um sistema, em fase de testes, que detecta a intrus\u00e3o de pessoas na via. Destacamos que esses furtos, como o que foi registrado nas imagens, geram n\u00e3o apenas atrasos, como representam tamb\u00e9m perigo aos pr\u00f3prios autores porque h\u00e1 o risco de atropelamento pelos trens\u201d, pontuou a ViaMobilidade.&nbsp;<\/p>\n\n\n\n<p><a href=\"https:\/\/www.band.uol.com.br\/noticias\/canal-da-band-no-whatsapp-16631877\"><\/a>Fonte: UOL \/ Foto: Reprodu\u00e7\u00e3o via Band<\/p>\n","protected":false},"excerpt":{"rendered":"<p>Tr\u00eas criminosos foram flagrados roubando pe\u00e7as e fios de um trem da Linha 8-Diamante, da ViaMobilidade, que estava parado em Itapevi, na Grande S\u00e3o Paulo. O registro do crime foi feito por passageiros da ViaMobilidade e compartilhado pelo Di\u00e1rio do Transporte. Ap\u00f3s o roubo, eles fugiram por cima do muro. A concession\u00e1ria informou, em nota, &hellip; <\/p>\n","protected":false},"author":1,"featured_media":36129,"comment_status":"open","ping_status":"open","sticky":false,"template":"","format":"standard","meta":{"footnotes":""},"categories":[4],"tags":[],"class_list":["post-36128","post","type-post","status-publish","format-standard","has-post-thumbnail","hentry","category-noticias"],"_links":{"self":[{"href":"https:\/\/radioimprensa.com.br\/index.php\/wp-json\/wp\/v2\/posts\/36128","targetHints":{"allow":["GET"]}}],"collection":[{"href":"https:\/\/radioimprensa.com.br\/index.php\/wp-json\/wp\/v2\/posts"}],"about":[{"href":"https:\/\/radioimprensa.com.br\/index.php\/wp-json\/wp\/v2\/types\/post"}],"author":[{"embeddable":true,"href":"https:\/\/radioimprensa.com.br\/index.php\/wp-json\/wp\/v2\/users\/1"}],"replies":[{"embeddable":true,"href":"https:\/\/radioimprensa.com.br\/index.php\/wp-json\/wp\/v2\/comments?post=36128"}],"version-history":[{"count":1,"href":"https:\/\/radioimprensa.com.br\/index.php\/wp-json\/wp\/v2\/posts\/36128\/revisions"}],"predecessor-version":[{"id":36130,"href":"https:\/\/radioimprensa.com.br\/index.php\/wp-json\/wp\/v2\/posts\/36128\/revisions\/36130"}],"wp:featuredmedia":[{"embeddable":true,"href":"https:\/\/radioimprensa.com.br\/index.php\/wp-json\/wp\/v2\/media\/36129"}],"wp:attachment":[{"href":"https:\/\/radioimprensa.com.br\/index.php\/wp-json\/wp\/v2\/media?parent=36128"}],"wp:term":[{"taxonomy":"category","embeddable":true,"href":"https:\/\/radioimprensa.com.br\/index.php\/wp-json\/wp\/v2\/categories?post=36128"},{"taxonomy":"post_tag","embeddable":true,"href":"https:\/\/radioimprensa.com.br\/index.php\/wp-json\/wp\/v2\/tags?post=36128"}],"curies":[{"name":"wp","href":"https:\/\/api.w.org\/{rel}","templated":true}]}}