{"id":36131,"date":"2024-10-22T10:50:49","date_gmt":"2024-10-22T13:50:49","guid":{"rendered":"https:\/\/radioimprensa.com.br\/?p=36131"},"modified":"2024-10-22T10:50:51","modified_gmt":"2024-10-22T13:50:51","slug":"meis-e-empresas-tem-ate-dia-31-para-regularizar-simples","status":"publish","type":"post","link":"https:\/\/radioimprensa.com.br\/index.php\/2024\/10\/22\/meis-e-empresas-tem-ate-dia-31-para-regularizar-simples\/","title":{"rendered":"MEIs e Empresas t\u00eam at\u00e9 dia 31 para regularizar Simples"},"content":{"rendered":"\n<p>As micro e pequenas empresas e os microempreendedores individuais (MEI) que n\u00e3o regularizaram as d\u00edvidas com o Simples Nacional \u2013 regime tribut\u00e1rio especial para pequenos neg\u00f3cios \u2013 at\u00e9 o pr\u00f3ximo dia 31 ser\u00e3o exclu\u00eddas do regime. A exclus\u00e3o valer\u00e1 a partir de 1\u00ba de janeiro.<img decoding=\"async\" src=\"https:\/\/agenciabrasil.ebc.com.br\/ebc.png?id=1616327&amp;o=node\"><img decoding=\"async\" src=\"https:\/\/agenciabrasil.ebc.com.br\/ebc.gif?id=1616327&amp;o=node\"><\/p>\n\n\n\n<p>O devedor pode pagar \u00e0 vista, abater parte da d\u00edvida com cr\u00e9ditos tribut\u00e1rios (recursos que a empresa tem direito a receber do Fisco) ou parcelar os d\u00e9bitos em at\u00e9 cinco anos com o pagamento de juros e multa. O parcelamento pode ser feito Portal do Simples Nacional ou no Centro Virtual de Atendimento da Receita (e-CAC), no servi\u00e7o \u201cParcelamento \u2013 Simples Nacional\u201d.<\/p>\n\n\n\n<p>O acesso ao Portal do Simples Nacional e ao e-CAC \u00e9 feito com certificado digital ou com conta no Portal Gov.br n\u00edvel prata ou ouro. A empresa ou o MEI que n\u00e3o concordar com a d\u00edvida e quiser contestar o Termo de Exclus\u00e3o dever\u00e1 dirigir a contesta\u00e7\u00e3o ao Delegado de Julgamento da Receita Federal, protocolada na\u00a0internet, conforme orientado no site do \u00f3rg\u00e3o pelo link gov.br<\/p>\n\n\n\n<p>Fonte: Ag\u00eancia Brasil \/ Foto: Marcello Casal Jr., Ag\u00eancia Brasil<\/p>\n","protected":false},"excerpt":{"rendered":"<p>As micro e pequenas empresas e os microempreendedores individuais (MEI) que n\u00e3o regularizaram as d\u00edvidas com o Simples Nacional \u2013 regime tribut\u00e1rio especial para pequenos neg\u00f3cios \u2013 at\u00e9 o pr\u00f3ximo dia 31 ser\u00e3o exclu\u00eddas do regime. A exclus\u00e3o valer\u00e1 a partir de 1\u00ba de janeiro. O devedor pode pagar \u00e0 vista, abater parte da d\u00edvida &hellip; <\/p>\n","protected":false},"author":1,"featured_media":36132,"comment_status":"open","ping_status":"open","sticky":false,"template":"","format":"standard","meta":{"footnotes":""},"categories":[4],"tags":[],"class_list":["post-36131","post","type-post","status-publish","format-standard","has-post-thumbnail","hentry","category-noticias"],"_links":{"self":[{"href":"https:\/\/radioimprensa.com.br\/index.php\/wp-json\/wp\/v2\/posts\/36131","targetHints":{"allow":["GET"]}}],"collection":[{"href":"https:\/\/radioimprensa.com.br\/index.php\/wp-json\/wp\/v2\/posts"}],"about":[{"href":"https:\/\/radioimprensa.com.br\/index.php\/wp-json\/wp\/v2\/types\/post"}],"author":[{"embeddable":true,"href":"https:\/\/radioimprensa.com.br\/index.php\/wp-json\/wp\/v2\/users\/1"}],"replies":[{"embeddable":true,"href":"https:\/\/radioimprensa.com.br\/index.php\/wp-json\/wp\/v2\/comments?post=36131"}],"version-history":[{"count":1,"href":"https:\/\/radioimprensa.com.br\/index.php\/wp-json\/wp\/v2\/posts\/36131\/revisions"}],"predecessor-version":[{"id":36133,"href":"https:\/\/radioimprensa.com.br\/index.php\/wp-json\/wp\/v2\/posts\/36131\/revisions\/36133"}],"wp:featuredmedia":[{"embeddable":true,"href":"https:\/\/radioimprensa.com.br\/index.php\/wp-json\/wp\/v2\/media\/36132"}],"wp:attachment":[{"href":"https:\/\/radioimprensa.com.br\/index.php\/wp-json\/wp\/v2\/media?parent=36131"}],"wp:term":[{"taxonomy":"category","embeddable":true,"href":"https:\/\/radioimprensa.com.br\/index.php\/wp-json\/wp\/v2\/categories?post=36131"},{"taxonomy":"post_tag","embeddable":true,"href":"https:\/\/radioimprensa.com.br\/index.php\/wp-json\/wp\/v2\/tags?post=36131"}],"curies":[{"name":"wp","href":"https:\/\/api.w.org\/{rel}","templated":true}]}}