{"id":36134,"date":"2024-10-22T10:57:33","date_gmt":"2024-10-22T13:57:33","guid":{"rendered":"https:\/\/radioimprensa.com.br\/?p=36134"},"modified":"2024-10-22T10:57:35","modified_gmt":"2024-10-22T13:57:35","slug":"inep-libera-consultas-aos-locais-de-provas-do-enem","status":"publish","type":"post","link":"https:\/\/radioimprensa.com.br\/index.php\/2024\/10\/22\/inep-libera-consultas-aos-locais-de-provas-do-enem\/","title":{"rendered":"Inep libera consultas aos locais de provas do Enem"},"content":{"rendered":"\n<p>O Inep (Instituto Nacional de Estudos e Pesquisas Educacionais An\u00edsio Teixeira) disponibilizou nesta ter\u00e7a-feira (22) a\u00a0consulta aos locais de provas\u00a0do Enem (Exame Nacional do Ensino M\u00e9dio) para os\u00a0participantes.\u00a0O cart\u00e3o de Confirma\u00e7\u00e3o de Inscri\u00e7\u00e3o est\u00e1 dispon\u00edvel na\u00a0p\u00e1gina do participante\u00a0e traz informa\u00e7\u00f5es como n\u00famero de inscri\u00e7\u00e3o, data e hora da prova \u2014 de acordo com o hor\u00e1rio de Bras\u00edlia \u2014, e o local de prova. O cart\u00e3o tamb\u00e9m especifica se o inscrito ter\u00e1 direito a atendimento especializado ou tratamento pelo nome social, por exemplo.<\/p>\n\n\n\n<p>O Inep recomenda que os inscritos levem o cart\u00e3o nos dias de exame, aplicados em 3 e 10 de novembro. Para acessar o documento, basta realizar o login na plataforma gov.br. Caso o participante n\u00e3o lembre a senha da conta cadastrada, \u00e9 poss\u00edvel recuperar o acesso com o CPF e selecionando a op\u00e7\u00e3o \u201cesqueci minha senha\u201d. A conta pode ser recuperada pelo aplicativo GOV.BR, pelo app de bancos credenciados, do internet banking de bancos conveniados, por e-mail ou por mensagem de texto (SMS).<\/p>\n\n\n\n<p>No dia 3 de novembro, primeiro dia da prova do Enem, ser\u00e3o aplicadas as provas de c\u00f3digos e suas tecnologias, linguagens, e ci\u00eancias humanas e suas tecnologias. No segundo dia (10 de novembro), os participantes fazem as provas de matem\u00e1tica e suas tecnologias e de ci\u00eancias da natureza e suas tecnologias. Ao todo, s\u00e3o 45 quest\u00f5es em cada \u00e1rea de conhecimento.<\/p>\n\n\n\n<p>O Enem avalia o desempenho escolar dos estudantes ao t\u00e9rmino da educa\u00e7\u00e3o b\u00e1sica. Nesta edi\u00e7\u00e3o, 5.055.699 pessoas se inscreveram.<\/p>\n\n\n\n<p>Fonte: R7 \/ Foto: Rovena Rosa, Ag\u00eancia Brasil<\/p>\n","protected":false},"excerpt":{"rendered":"<p>O Inep (Instituto Nacional de Estudos e Pesquisas Educacionais An\u00edsio Teixeira) disponibilizou nesta ter\u00e7a-feira (22) a\u00a0consulta aos locais de provas\u00a0do Enem (Exame Nacional do Ensino M\u00e9dio) para os\u00a0participantes.\u00a0O cart\u00e3o de Confirma\u00e7\u00e3o de Inscri\u00e7\u00e3o est\u00e1 dispon\u00edvel na\u00a0p\u00e1gina do participante\u00a0e traz informa\u00e7\u00f5es como n\u00famero de inscri\u00e7\u00e3o, data e hora da prova \u2014 de acordo com o hor\u00e1rio &hellip; <\/p>\n","protected":false},"author":1,"featured_media":31815,"comment_status":"open","ping_status":"open","sticky":false,"template":"","format":"standard","meta":{"footnotes":""},"categories":[4],"tags":[],"class_list":["post-36134","post","type-post","status-publish","format-standard","has-post-thumbnail","hentry","category-noticias"],"_links":{"self":[{"href":"https:\/\/radioimprensa.com.br\/index.php\/wp-json\/wp\/v2\/posts\/36134","targetHints":{"allow":["GET"]}}],"collection":[{"href":"https:\/\/radioimprensa.com.br\/index.php\/wp-json\/wp\/v2\/posts"}],"about":[{"href":"https:\/\/radioimprensa.com.br\/index.php\/wp-json\/wp\/v2\/types\/post"}],"author":[{"embeddable":true,"href":"https:\/\/radioimprensa.com.br\/index.php\/wp-json\/wp\/v2\/users\/1"}],"replies":[{"embeddable":true,"href":"https:\/\/radioimprensa.com.br\/index.php\/wp-json\/wp\/v2\/comments?post=36134"}],"version-history":[{"count":1,"href":"https:\/\/radioimprensa.com.br\/index.php\/wp-json\/wp\/v2\/posts\/36134\/revisions"}],"predecessor-version":[{"id":36135,"href":"https:\/\/radioimprensa.com.br\/index.php\/wp-json\/wp\/v2\/posts\/36134\/revisions\/36135"}],"wp:featuredmedia":[{"embeddable":true,"href":"https:\/\/radioimprensa.com.br\/index.php\/wp-json\/wp\/v2\/media\/31815"}],"wp:attachment":[{"href":"https:\/\/radioimprensa.com.br\/index.php\/wp-json\/wp\/v2\/media?parent=36134"}],"wp:term":[{"taxonomy":"category","embeddable":true,"href":"https:\/\/radioimprensa.com.br\/index.php\/wp-json\/wp\/v2\/categories?post=36134"},{"taxonomy":"post_tag","embeddable":true,"href":"https:\/\/radioimprensa.com.br\/index.php\/wp-json\/wp\/v2\/tags?post=36134"}],"curies":[{"name":"wp","href":"https:\/\/api.w.org\/{rel}","templated":true}]}}