{"id":36193,"date":"2024-11-21T11:18:15","date_gmt":"2024-11-21T14:18:15","guid":{"rendered":"https:\/\/radioimprensa.com.br\/?p=36193"},"modified":"2024-11-21T11:18:16","modified_gmt":"2024-11-21T14:18:16","slug":"ministerio-faz-alerta-de-fake-news-sobre-bolsa-familia","status":"publish","type":"post","link":"https:\/\/radioimprensa.com.br\/index.php\/2024\/11\/21\/ministerio-faz-alerta-de-fake-news-sobre-bolsa-familia\/","title":{"rendered":"Minist\u00e9rio faz alerta de fake news sobre Bolsa Fam\u00edlia"},"content":{"rendered":"\n<p>O Minist\u00e9rio do Desenvolvimento e Assist\u00eancia Social, Fam\u00edlia e Combate \u00e0 Fome (MDS) alertou, nesta quinta-feira (21), os benefici\u00e1rios do Bolsa Fam\u00edlia sobre mentiras envolvendo o programa.<img decoding=\"async\" src=\"https:\/\/agenciabrasil.ebc.com.br\/ebc.png?id=1620783&amp;o=node\"><img decoding=\"async\" src=\"https:\/\/agenciabrasil.ebc.com.br\/ebc.gif?id=1620783&amp;o=node\"><\/p>\n\n\n\n<p>Em nota, o MDS avisa que circula na internet o conte\u00fado falso que informa errado que em dezembro haveria dois pagamentos do benef\u00edcio, sendo um deles a antecipa\u00e7\u00e3o da parcela de janeiro.<\/p>\n\n\n\n<p>As informa\u00e7\u00f5es s\u00e3o falsas, afirma o minist\u00e9rio. O pagamento oficial mensal do benef\u00edcio segue o calend\u00e1rio divulgado no in\u00edcio deste ano e dispon\u00edvel no\u00a0site do Minist\u00e9rio do Desenvolvimento e Assist\u00eancia Social, Fam\u00edlia e Combate \u00e0 Fome (MDS).<\/p>\n\n\n\n<p>O minist\u00e9rio orienta que, em caso de d\u00favidas, o cidad\u00e3o deve procurar a Ouvidoria pelo Disque Social 121, ou buscar informa\u00e7\u00f5es no\u00a0portal do minist\u00e9rio\u00a0e nas\u00a0redes sociais da pasta.<\/p>\n\n\n\n<p>O Bolsa Fam\u00edlia tamb\u00e9m n\u00e3o tem pagamento de uma 13\u00aa parcela de benef\u00edcio.<\/p>\n\n\n\n<p>Fonte: Ag\u00eancia Brasil \/ Foto: Lyon Santos, Divulga\u00e7\u00e3o MDS<\/p>\n","protected":false},"excerpt":{"rendered":"<p>O Minist\u00e9rio do Desenvolvimento e Assist\u00eancia Social, Fam\u00edlia e Combate \u00e0 Fome (MDS) alertou, nesta quinta-feira (21), os benefici\u00e1rios do Bolsa Fam\u00edlia sobre mentiras envolvendo o programa. Em nota, o MDS avisa que circula na internet o conte\u00fado falso que informa errado que em dezembro haveria dois pagamentos do benef\u00edcio, sendo um deles a antecipa\u00e7\u00e3o &hellip; <\/p>\n","protected":false},"author":1,"featured_media":36194,"comment_status":"open","ping_status":"open","sticky":false,"template":"","format":"standard","meta":{"footnotes":""},"categories":[4],"tags":[],"class_list":["post-36193","post","type-post","status-publish","format-standard","has-post-thumbnail","hentry","category-noticias"],"_links":{"self":[{"href":"https:\/\/radioimprensa.com.br\/index.php\/wp-json\/wp\/v2\/posts\/36193","targetHints":{"allow":["GET"]}}],"collection":[{"href":"https:\/\/radioimprensa.com.br\/index.php\/wp-json\/wp\/v2\/posts"}],"about":[{"href":"https:\/\/radioimprensa.com.br\/index.php\/wp-json\/wp\/v2\/types\/post"}],"author":[{"embeddable":true,"href":"https:\/\/radioimprensa.com.br\/index.php\/wp-json\/wp\/v2\/users\/1"}],"replies":[{"embeddable":true,"href":"https:\/\/radioimprensa.com.br\/index.php\/wp-json\/wp\/v2\/comments?post=36193"}],"version-history":[{"count":1,"href":"https:\/\/radioimprensa.com.br\/index.php\/wp-json\/wp\/v2\/posts\/36193\/revisions"}],"predecessor-version":[{"id":36195,"href":"https:\/\/radioimprensa.com.br\/index.php\/wp-json\/wp\/v2\/posts\/36193\/revisions\/36195"}],"wp:featuredmedia":[{"embeddable":true,"href":"https:\/\/radioimprensa.com.br\/index.php\/wp-json\/wp\/v2\/media\/36194"}],"wp:attachment":[{"href":"https:\/\/radioimprensa.com.br\/index.php\/wp-json\/wp\/v2\/media?parent=36193"}],"wp:term":[{"taxonomy":"category","embeddable":true,"href":"https:\/\/radioimprensa.com.br\/index.php\/wp-json\/wp\/v2\/categories?post=36193"},{"taxonomy":"post_tag","embeddable":true,"href":"https:\/\/radioimprensa.com.br\/index.php\/wp-json\/wp\/v2\/tags?post=36193"}],"curies":[{"name":"wp","href":"https:\/\/api.w.org\/{rel}","templated":true}]}}