{"id":36198,"date":"2024-11-28T11:26:00","date_gmt":"2024-11-28T14:26:00","guid":{"rendered":"https:\/\/radioimprensa.com.br\/?p=36198"},"modified":"2024-11-28T11:26:02","modified_gmt":"2024-11-28T14:26:02","slug":"haddad-anuncia-isencao-de-ir-a-quem-ganha-ate-5-mil-reais-por-mes","status":"publish","type":"post","link":"https:\/\/radioimprensa.com.br\/index.php\/2024\/11\/28\/haddad-anuncia-isencao-de-ir-a-quem-ganha-ate-5-mil-reais-por-mes\/","title":{"rendered":"Haddad anuncia isen\u00e7\u00e3o de IR a quem ganha at\u00e9 5 mil reais por m\u00eas"},"content":{"rendered":"\n<p>O governo enviar\u00e1, combinado ao pacote de corte de gastos obrigat\u00f3rios, a proposta para isentar de Imposto de Renda quem ganha at\u00e9 R$ 5 mil por m\u00eas, disse em pronunciamento nesta noite o ministro da Fazenda, Fernando Haddad. Ele esclareceu que a medida n\u00e3o ter\u00e1 impacto sobre as contas p\u00fablicas porque ser\u00e1 bancada com a taxa\u00e7\u00e3o extra de quem ganha mais de R$ 50 mil mensais.<\/p>\n\n\n\n<p>Segundo Haddad, a medida faz parte da segunda etapa da reforma tribut\u00e1ria, que prev\u00ea a reforma do Imposto de Renda. No pronunciamento, o ministro lembrou da reforma tribut\u00e1ria do consumo, promulgada no ano passado e em regulamenta\u00e7\u00e3o pelo Congresso, que trar\u00e1 outros benef\u00edcios \u00e0s classes baixa e m\u00e9dia.<\/p>\n\n\n\n<p>\u201cEssa medida, combinada \u00e0 hist\u00f3rica Reforma Tribut\u00e1ria, far\u00e1 com que grande parte do povo brasileiro n\u00e3o pague nem Imposto de Renda e nem imposto sobre produtos da cesta b\u00e1sica, inclusive a carne. Corrigindo grande parte da inaceit\u00e1vel injusti\u00e7a tribut\u00e1ria, que aprofundava a desigualdade social em nosso pa\u00eds\u201d, acrescentou o ministro.<\/p>\n\n\n\n<p>Fonte: Ag\u00eancia Brasil \/ Foto: Marcelo Camargo, Ag\u00eancia Brassil<\/p>\n\n\n\n<p><img decoding=\"async\" src=\"https:\/\/agenciabrasil.ebc.com.br\/ebc.png?id=1621504&amp;o=node\"><img decoding=\"async\" src=\"https:\/\/agenciabrasil.ebc.com.br\/ebc.gif?id=1621504&amp;o=node\"><\/p>\n","protected":false},"excerpt":{"rendered":"<p>O governo enviar\u00e1, combinado ao pacote de corte de gastos obrigat\u00f3rios, a proposta para isentar de Imposto de Renda quem ganha at\u00e9 R$ 5 mil por m\u00eas, disse em pronunciamento nesta noite o ministro da Fazenda, Fernando Haddad. Ele esclareceu que a medida n\u00e3o ter\u00e1 impacto sobre as contas p\u00fablicas porque ser\u00e1 bancada com a &hellip; <\/p>\n","protected":false},"author":1,"featured_media":36199,"comment_status":"open","ping_status":"open","sticky":false,"template":"","format":"standard","meta":{"footnotes":""},"categories":[4],"tags":[],"class_list":["post-36198","post","type-post","status-publish","format-standard","has-post-thumbnail","hentry","category-noticias"],"_links":{"self":[{"href":"https:\/\/radioimprensa.com.br\/index.php\/wp-json\/wp\/v2\/posts\/36198","targetHints":{"allow":["GET"]}}],"collection":[{"href":"https:\/\/radioimprensa.com.br\/index.php\/wp-json\/wp\/v2\/posts"}],"about":[{"href":"https:\/\/radioimprensa.com.br\/index.php\/wp-json\/wp\/v2\/types\/post"}],"author":[{"embeddable":true,"href":"https:\/\/radioimprensa.com.br\/index.php\/wp-json\/wp\/v2\/users\/1"}],"replies":[{"embeddable":true,"href":"https:\/\/radioimprensa.com.br\/index.php\/wp-json\/wp\/v2\/comments?post=36198"}],"version-history":[{"count":1,"href":"https:\/\/radioimprensa.com.br\/index.php\/wp-json\/wp\/v2\/posts\/36198\/revisions"}],"predecessor-version":[{"id":36200,"href":"https:\/\/radioimprensa.com.br\/index.php\/wp-json\/wp\/v2\/posts\/36198\/revisions\/36200"}],"wp:featuredmedia":[{"embeddable":true,"href":"https:\/\/radioimprensa.com.br\/index.php\/wp-json\/wp\/v2\/media\/36199"}],"wp:attachment":[{"href":"https:\/\/radioimprensa.com.br\/index.php\/wp-json\/wp\/v2\/media?parent=36198"}],"wp:term":[{"taxonomy":"category","embeddable":true,"href":"https:\/\/radioimprensa.com.br\/index.php\/wp-json\/wp\/v2\/categories?post=36198"},{"taxonomy":"post_tag","embeddable":true,"href":"https:\/\/radioimprensa.com.br\/index.php\/wp-json\/wp\/v2\/tags?post=36198"}],"curies":[{"name":"wp","href":"https:\/\/api.w.org\/{rel}","templated":true}]}}