{"id":36222,"date":"2024-12-07T09:08:35","date_gmt":"2024-12-07T12:08:35","guid":{"rendered":"https:\/\/radioimprensa.com.br\/?p=36222"},"modified":"2024-12-07T09:08:36","modified_gmt":"2024-12-07T12:08:36","slug":"ex-agentes-da-prf-que-torturam-e-mataram-genivaldo-sao-condenados","status":"publish","type":"post","link":"https:\/\/radioimprensa.com.br\/index.php\/2024\/12\/07\/ex-agentes-da-prf-que-torturam-e-mataram-genivaldo-sao-condenados\/","title":{"rendered":"Ex-agentes da PRF que torturam e mataram Genivaldo s\u00e3o condenados"},"content":{"rendered":"\n<p>Ap\u00f3s 12 dias de julgamento, foram condenados na madrugada de sexta-feira, 6 para s\u00e1bado, 7, os tr\u00eas ex-policiais rodovi\u00e1rios federais que mataram e torturaram Genivaldo de Jesus Santos, em 2022, em Umba\u00faba (SE).<\/p>\n\n\n\n<p>O agente Paulo Rodolpho Lima Nascimento foi acusado de homic\u00eddio triplamente qualificado e pegou 28 anos de reclus\u00e3o.&nbsp;Kl\u00e9ber Nascimento Freitas e William de Barros Noia foram condenados a 23 anos de pris\u00e3o por tortura seguida de morte. As penas foram agravadas por motivo f\u00fatil, pela asfixia e pelas circunst\u00e2ncias que impediram a defesa da v\u00edtima.<\/p>\n\n\n\n<p>As penas tamb\u00e9m foram agravadas pelo fato de serem agentes p\u00fablicos cometendo um crime contra uma pessoa com defici\u00eancia.<\/p>\n\n\n\n<p>Conforme informa\u00e7\u00f5es obtidas pela reportagem do UOL, a 7\u00aa Vara Federal de Sergipe ouviu cerca de 30 testemunhas, incluindo familiares de Genivaldo de Jesus Santos, peritos do caso e especialistas.<\/p>\n\n\n\n<p>Fonte: Portal Terra \/ Foto: Reprodu\u00e7\u00e3o via TV Globo<\/p>\n","protected":false},"excerpt":{"rendered":"<p>Ap\u00f3s 12 dias de julgamento, foram condenados na madrugada de sexta-feira, 6 para s\u00e1bado, 7, os tr\u00eas ex-policiais rodovi\u00e1rios federais que mataram e torturaram Genivaldo de Jesus Santos, em 2022, em Umba\u00faba (SE). O agente Paulo Rodolpho Lima Nascimento foi acusado de homic\u00eddio triplamente qualificado e pegou 28 anos de reclus\u00e3o.&nbsp;Kl\u00e9ber Nascimento Freitas e William &hellip; <\/p>\n","protected":false},"author":1,"featured_media":36223,"comment_status":"open","ping_status":"open","sticky":false,"template":"","format":"standard","meta":{"footnotes":""},"categories":[4],"tags":[],"class_list":["post-36222","post","type-post","status-publish","format-standard","has-post-thumbnail","hentry","category-noticias"],"_links":{"self":[{"href":"https:\/\/radioimprensa.com.br\/index.php\/wp-json\/wp\/v2\/posts\/36222","targetHints":{"allow":["GET"]}}],"collection":[{"href":"https:\/\/radioimprensa.com.br\/index.php\/wp-json\/wp\/v2\/posts"}],"about":[{"href":"https:\/\/radioimprensa.com.br\/index.php\/wp-json\/wp\/v2\/types\/post"}],"author":[{"embeddable":true,"href":"https:\/\/radioimprensa.com.br\/index.php\/wp-json\/wp\/v2\/users\/1"}],"replies":[{"embeddable":true,"href":"https:\/\/radioimprensa.com.br\/index.php\/wp-json\/wp\/v2\/comments?post=36222"}],"version-history":[{"count":1,"href":"https:\/\/radioimprensa.com.br\/index.php\/wp-json\/wp\/v2\/posts\/36222\/revisions"}],"predecessor-version":[{"id":36224,"href":"https:\/\/radioimprensa.com.br\/index.php\/wp-json\/wp\/v2\/posts\/36222\/revisions\/36224"}],"wp:featuredmedia":[{"embeddable":true,"href":"https:\/\/radioimprensa.com.br\/index.php\/wp-json\/wp\/v2\/media\/36223"}],"wp:attachment":[{"href":"https:\/\/radioimprensa.com.br\/index.php\/wp-json\/wp\/v2\/media?parent=36222"}],"wp:term":[{"taxonomy":"category","embeddable":true,"href":"https:\/\/radioimprensa.com.br\/index.php\/wp-json\/wp\/v2\/categories?post=36222"},{"taxonomy":"post_tag","embeddable":true,"href":"https:\/\/radioimprensa.com.br\/index.php\/wp-json\/wp\/v2\/tags?post=36222"}],"curies":[{"name":"wp","href":"https:\/\/api.w.org\/{rel}","templated":true}]}}