{"id":36225,"date":"2024-12-07T09:18:52","date_gmt":"2024-12-07T12:18:52","guid":{"rendered":"https:\/\/radioimprensa.com.br\/?p=36225"},"modified":"2024-12-07T09:18:54","modified_gmt":"2024-12-07T12:18:54","slug":"arroz-deve-ficar-mais-barato-nas-proximas-semanas","status":"publish","type":"post","link":"https:\/\/radioimprensa.com.br\/index.php\/2024\/12\/07\/arroz-deve-ficar-mais-barato-nas-proximas-semanas\/","title":{"rendered":"Arroz deve ficar mais barato nas pr\u00f3ximas semanas"},"content":{"rendered":"\n<p>Depois de uma queda de quase 13,95% em novembro, o pre\u00e7o do arroz continua caindo neste in\u00edcio de dezembro, apontou o Centro de Estudos Avan\u00e7ados em Economia Aplicada (Cepea) da Esalq\/USP.<\/p>\n\n\n\n<p>Em novembro, o indicador acumulou uma queda de 13,95% e encerrou o m\u00eas em R$ 102,23 a saca do cereal. A m\u00e9dia mensal, de R$ 111,66\/saca, ficou 6,39% menor que a de outubro e 1,94% inferior \u00e0 de novembro de 2023, em termos reais (deflacionamento pelo IGP-DI).<\/p>\n\n\n\n<p>De acordo com os pesquisadores do Cepea\/Usp, o movimento de baixa nos pre\u00e7os do arroz \u00e9 considerado at\u00edpico para este per\u00edodo de entressafra, quando a menor disponibilidade de cereais mant\u00e9m os pre\u00e7os um pouco mais elevados.<\/p>\n\n\n\n<p>Os produtores est\u00e3o resistido aos pre\u00e7os oferecidos pelas ind\u00fastrias, apostando em recupera\u00e7\u00e3o nas pr\u00f3ximas semanas e est\u00e3o segurando o produto. J\u00e1 a demanda est\u00e1 limitada, com compradores locais mostrando pouco interesse em adquirir o produto e\/ou optando por ofertas mais baixas envolvendo sobretudo o cereal depositado e a prazos de pagamento alongados, ainda conforme o Cepea.<\/p>\n\n\n\n<p>Fonte: CEPEA \/ Foto: Pixabay<\/p>\n","protected":false},"excerpt":{"rendered":"<p>Depois de uma queda de quase 13,95% em novembro, o pre\u00e7o do arroz continua caindo neste in\u00edcio de dezembro, apontou o Centro de Estudos Avan\u00e7ados em Economia Aplicada (Cepea) da Esalq\/USP. Em novembro, o indicador acumulou uma queda de 13,95% e encerrou o m\u00eas em R$ 102,23 a saca do cereal. A m\u00e9dia mensal, de &hellip; <\/p>\n","protected":false},"author":1,"featured_media":27045,"comment_status":"open","ping_status":"open","sticky":false,"template":"","format":"standard","meta":{"footnotes":""},"categories":[4],"tags":[],"class_list":["post-36225","post","type-post","status-publish","format-standard","has-post-thumbnail","hentry","category-noticias"],"_links":{"self":[{"href":"https:\/\/radioimprensa.com.br\/index.php\/wp-json\/wp\/v2\/posts\/36225","targetHints":{"allow":["GET"]}}],"collection":[{"href":"https:\/\/radioimprensa.com.br\/index.php\/wp-json\/wp\/v2\/posts"}],"about":[{"href":"https:\/\/radioimprensa.com.br\/index.php\/wp-json\/wp\/v2\/types\/post"}],"author":[{"embeddable":true,"href":"https:\/\/radioimprensa.com.br\/index.php\/wp-json\/wp\/v2\/users\/1"}],"replies":[{"embeddable":true,"href":"https:\/\/radioimprensa.com.br\/index.php\/wp-json\/wp\/v2\/comments?post=36225"}],"version-history":[{"count":1,"href":"https:\/\/radioimprensa.com.br\/index.php\/wp-json\/wp\/v2\/posts\/36225\/revisions"}],"predecessor-version":[{"id":36226,"href":"https:\/\/radioimprensa.com.br\/index.php\/wp-json\/wp\/v2\/posts\/36225\/revisions\/36226"}],"wp:featuredmedia":[{"embeddable":true,"href":"https:\/\/radioimprensa.com.br\/index.php\/wp-json\/wp\/v2\/media\/27045"}],"wp:attachment":[{"href":"https:\/\/radioimprensa.com.br\/index.php\/wp-json\/wp\/v2\/media?parent=36225"}],"wp:term":[{"taxonomy":"category","embeddable":true,"href":"https:\/\/radioimprensa.com.br\/index.php\/wp-json\/wp\/v2\/categories?post=36225"},{"taxonomy":"post_tag","embeddable":true,"href":"https:\/\/radioimprensa.com.br\/index.php\/wp-json\/wp\/v2\/tags?post=36225"}],"curies":[{"name":"wp","href":"https:\/\/api.w.org\/{rel}","templated":true}]}}