{"id":36227,"date":"2024-12-09T11:07:51","date_gmt":"2024-12-09T14:07:51","guid":{"rendered":"https:\/\/radioimprensa.com.br\/?p=36227"},"modified":"2024-12-09T11:07:52","modified_gmt":"2024-12-09T14:07:52","slug":"gabriel-bortoleto-e-campeao-da-formula-2","status":"publish","type":"post","link":"https:\/\/radioimprensa.com.br\/index.php\/2024\/12\/09\/gabriel-bortoleto-e-campeao-da-formula-2\/","title":{"rendered":"Gabriel Bortoleto \u00e9 campe\u00e3o da F\u00f3rmula 2"},"content":{"rendered":"\n<p>O paulista Gabriel Bortoleto, de 20 anos, que ser\u00e1 piloto da Sauber&nbsp;na F\u00f3rmula 1&nbsp;em 2025, terminou o GP de Abu Dhabi (Emirados \u00c1rabes Unidos) em segundo lugar e conquistou pontua\u00e7\u00e3o suficiente para confirmar o t\u00edtulo mundial na F\u00f3rmula 2. Ele foi beneficiado pelos problemas de seu principal rival, o franc\u00eas Isack Hadjar, que deixou o carro morrer logo na largada e acabou terminando em 19\u00ba. Agora&nbsp;Bortoleto tem os t\u00edtulos da F\u00f3rmula 3 (conquistado no ano passado) e da F\u00f3rmula 2 no curr\u00edculo.<img decoding=\"async\" src=\"https:\/\/agenciabrasil.ebc.com.br\/ebc.png?id=1622887&amp;o=node\"><img decoding=\"async\" src=\"https:\/\/agenciabrasil.ebc.com.br\/ebc.gif?id=1622887&amp;o=node\"><\/p>\n\n\n\n<p>Antes da derradeira corrida da temporada, o brasileiro e o franc\u00eas estavam separados por apenas 4,5 pontos na tabela: Bortoleto somava 196,5 e Hadjar&nbsp;192. Neste domingo, o piloto brasileiro largou na segunda posi\u00e7\u00e3o, atr\u00e1s do franc\u00eas Victor Martins e logo \u00e0 frente de Hadjar no grid. No entanto, logo na largada as coisas mudaram completamente. Hadjar ficou travado e precisou ir para os boxes. Bortoleto ultrapassou Martins e assumiu a ponta.<\/p>\n\n\n\n<p>Vendo o principal rival afastado da briga pelo t\u00edtulo, Bortoleto fez uma corrida segura, administrando sua posi\u00e7\u00e3o. Ele chegou a cair para o d\u00e9cimo lugar depois do pit stop, mas recuperou posi\u00e7\u00f5es quando os advers\u00e1rios tiveram que parar e voltou a superar Martins na volta 29 para recuperar a segunda posi\u00e7\u00e3o. A vit\u00f3ria ficou com o paraguaio Joshua Durksen.<\/p>\n\n\n\n<p>Bortoleto foi campe\u00e3o com a pontua\u00e7\u00e3o final de 214,5, tendo conquistado duas vit\u00f3rias ao longo da temporada. No come\u00e7o de novembro, ele foi anunciado pela Sauber como piloto titular da equipe para o ano de 2025, fazendo dupla com o alem\u00e3o Nico H\u00fclkenberg. Com isso, o Brasil voltar\u00e1 a ter um representante na elite ap\u00f3s a \u00faltima corrida de Felipe Massa em 2017.<\/p>\n\n\n\n<p>Fonte: Ag\u00eancia Brasil \/ Foto: Reprodu\u00e7\u00e3o via FIA\/F2<\/p>\n","protected":false},"excerpt":{"rendered":"<p>O paulista Gabriel Bortoleto, de 20 anos, que ser\u00e1 piloto da Sauber&nbsp;na F\u00f3rmula 1&nbsp;em 2025, terminou o GP de Abu Dhabi (Emirados \u00c1rabes Unidos) em segundo lugar e conquistou pontua\u00e7\u00e3o suficiente para confirmar o t\u00edtulo mundial na F\u00f3rmula 2. Ele foi beneficiado pelos problemas de seu principal rival, o franc\u00eas Isack Hadjar, que deixou o &hellip; <\/p>\n","protected":false},"author":1,"featured_media":36228,"comment_status":"open","ping_status":"open","sticky":false,"template":"","format":"standard","meta":{"footnotes":""},"categories":[4],"tags":[],"class_list":["post-36227","post","type-post","status-publish","format-standard","has-post-thumbnail","hentry","category-noticias"],"_links":{"self":[{"href":"https:\/\/radioimprensa.com.br\/index.php\/wp-json\/wp\/v2\/posts\/36227","targetHints":{"allow":["GET"]}}],"collection":[{"href":"https:\/\/radioimprensa.com.br\/index.php\/wp-json\/wp\/v2\/posts"}],"about":[{"href":"https:\/\/radioimprensa.com.br\/index.php\/wp-json\/wp\/v2\/types\/post"}],"author":[{"embeddable":true,"href":"https:\/\/radioimprensa.com.br\/index.php\/wp-json\/wp\/v2\/users\/1"}],"replies":[{"embeddable":true,"href":"https:\/\/radioimprensa.com.br\/index.php\/wp-json\/wp\/v2\/comments?post=36227"}],"version-history":[{"count":1,"href":"https:\/\/radioimprensa.com.br\/index.php\/wp-json\/wp\/v2\/posts\/36227\/revisions"}],"predecessor-version":[{"id":36229,"href":"https:\/\/radioimprensa.com.br\/index.php\/wp-json\/wp\/v2\/posts\/36227\/revisions\/36229"}],"wp:featuredmedia":[{"embeddable":true,"href":"https:\/\/radioimprensa.com.br\/index.php\/wp-json\/wp\/v2\/media\/36228"}],"wp:attachment":[{"href":"https:\/\/radioimprensa.com.br\/index.php\/wp-json\/wp\/v2\/media?parent=36227"}],"wp:term":[{"taxonomy":"category","embeddable":true,"href":"https:\/\/radioimprensa.com.br\/index.php\/wp-json\/wp\/v2\/categories?post=36227"},{"taxonomy":"post_tag","embeddable":true,"href":"https:\/\/radioimprensa.com.br\/index.php\/wp-json\/wp\/v2\/tags?post=36227"}],"curies":[{"name":"wp","href":"https:\/\/api.w.org\/{rel}","templated":true}]}}