{"id":36230,"date":"2024-12-09T11:12:30","date_gmt":"2024-12-09T14:12:30","guid":{"rendered":"https:\/\/radioimprensa.com.br\/?p=36230"},"modified":"2024-12-09T11:12:31","modified_gmt":"2024-12-09T14:12:31","slug":"governo-de-sp-entrega-mais-420-habitacoes-em-sao-bernardo-do-campo","status":"publish","type":"post","link":"https:\/\/radioimprensa.com.br\/index.php\/2024\/12\/09\/governo-de-sp-entrega-mais-420-habitacoes-em-sao-bernardo-do-campo\/","title":{"rendered":"Governo de SP entrega mais 420 habita\u00e7\u00f5es em S\u00e3o Bernardo do Campo"},"content":{"rendered":"\n<p>O governador Tarc\u00edsio de Freitas entregou nesta sexta-feira (6) 420 apartamentos do Residencial Cooperativa II, em S\u00e3o Bernardo do Campo, parte do programa habitacional Casa Paulista.\u00a0 Os im\u00f3veis foram financiados pela Companhia de Desenvolvimento Habitacional e Urbano (CDHU), na modalidade Carta de Cr\u00e9dito Associativa (CCA), um investimento de R$ 75,6 milh\u00f5es.<\/p>\n\n\n\n<p>A entrega contou ainda com a presen\u00e7a do secret\u00e1rio de Desenvolvimento Urbano e Habita\u00e7\u00e3o, Marcelo Branco; do presidente do CDHU, Reinaldo Iapequino; do prefeito de S\u00e3o Bernardo, Orlando Morando, al\u00e9m de parlamentares.<\/p>\n\n\n\n<p>As unidades habitacionais foram adquiridas diretamente com a construtora pela CDHU, que depois financiou, com subs\u00eddios e juros zero, os apartamentos para fam\u00edlias que ganham at\u00e9 cinco sal\u00e1rios m\u00ednimos. Das 401 fam\u00edlias atendidas, 78 foram indicadas pela CDHU, pois recebiam aux\u00edlio moradia ap\u00f3s terem sido removidas de \u00e1reas de risco, de prote\u00e7\u00e3o ambiental ou de frente de obras no Jardim Santo Andr\u00e9, Parque V\u00e1rzea do Tiet\u00ea, Marginal Tiet\u00ea, faixa de dom\u00ednio da Ecovias em Diadema, Trecho Sul do Rodoanel e em S\u00e3o Bernardo do Campo. As demais foram indicadas pela prefeitura.<\/p>\n\n\n\n<p>Constru\u00eddo em um terreno de 13.706,01 m\u00b2, o empreendimento \u00e9 composto por oito torres, com cinco, seis e sete pavimentos. Os apartamentos t\u00eam dois dormit\u00f3rios, sala, cozinha, banheiro, lavanderia e 48 m\u00b2 e 49 m\u00b2 de \u00e1rea privativa. Al\u00e9m disso, o condom\u00ednio conta com infraestrutura de lazer, que inclui playground, quadra esportiva e sal\u00e3o de festas.<\/p>\n\n\n\n<p>Fonte: Ag\u00eancia SP \/ Foto: Marcelo S. Camargo, GovSP<\/p>\n\n\n\n<p><a href=\"https:\/\/www.flickr.com\/photos\/governosp\/albums\/72177720322395880\"><\/a><\/p>\n","protected":false},"excerpt":{"rendered":"<p>O governador Tarc\u00edsio de Freitas entregou nesta sexta-feira (6) 420 apartamentos do Residencial Cooperativa II, em S\u00e3o Bernardo do Campo, parte do programa habitacional Casa Paulista.\u00a0 Os im\u00f3veis foram financiados pela Companhia de Desenvolvimento Habitacional e Urbano (CDHU), na modalidade Carta de Cr\u00e9dito Associativa (CCA), um investimento de R$ 75,6 milh\u00f5es. A entrega contou ainda &hellip; <\/p>\n","protected":false},"author":1,"featured_media":36231,"comment_status":"open","ping_status":"open","sticky":false,"template":"","format":"standard","meta":{"footnotes":""},"categories":[4],"tags":[],"class_list":["post-36230","post","type-post","status-publish","format-standard","has-post-thumbnail","hentry","category-noticias"],"_links":{"self":[{"href":"https:\/\/radioimprensa.com.br\/index.php\/wp-json\/wp\/v2\/posts\/36230","targetHints":{"allow":["GET"]}}],"collection":[{"href":"https:\/\/radioimprensa.com.br\/index.php\/wp-json\/wp\/v2\/posts"}],"about":[{"href":"https:\/\/radioimprensa.com.br\/index.php\/wp-json\/wp\/v2\/types\/post"}],"author":[{"embeddable":true,"href":"https:\/\/radioimprensa.com.br\/index.php\/wp-json\/wp\/v2\/users\/1"}],"replies":[{"embeddable":true,"href":"https:\/\/radioimprensa.com.br\/index.php\/wp-json\/wp\/v2\/comments?post=36230"}],"version-history":[{"count":1,"href":"https:\/\/radioimprensa.com.br\/index.php\/wp-json\/wp\/v2\/posts\/36230\/revisions"}],"predecessor-version":[{"id":36232,"href":"https:\/\/radioimprensa.com.br\/index.php\/wp-json\/wp\/v2\/posts\/36230\/revisions\/36232"}],"wp:featuredmedia":[{"embeddable":true,"href":"https:\/\/radioimprensa.com.br\/index.php\/wp-json\/wp\/v2\/media\/36231"}],"wp:attachment":[{"href":"https:\/\/radioimprensa.com.br\/index.php\/wp-json\/wp\/v2\/media?parent=36230"}],"wp:term":[{"taxonomy":"category","embeddable":true,"href":"https:\/\/radioimprensa.com.br\/index.php\/wp-json\/wp\/v2\/categories?post=36230"},{"taxonomy":"post_tag","embeddable":true,"href":"https:\/\/radioimprensa.com.br\/index.php\/wp-json\/wp\/v2\/tags?post=36230"}],"curies":[{"name":"wp","href":"https:\/\/api.w.org\/{rel}","templated":true}]}}