{"id":36237,"date":"2024-12-14T08:35:29","date_gmt":"2024-12-14T11:35:29","guid":{"rendered":"https:\/\/radioimprensa.com.br\/?p=36237"},"modified":"2024-12-14T08:35:30","modified_gmt":"2024-12-14T11:35:30","slug":"policia-federal-prendeu-general-braga-netto","status":"publish","type":"post","link":"https:\/\/radioimprensa.com.br\/index.php\/2024\/12\/14\/policia-federal-prendeu-general-braga-netto\/","title":{"rendered":"Pol\u00edcia Federal prendeu General Braga Netto"},"content":{"rendered":"\n<p>A Pol\u00edcia Federal prendeu, na manh\u00e3 deste s\u00e1bado (14), o ex-ministro da Defesa e general Walter Braga Netto. Ele \u00e9 um dos alvos do inqu\u00e9rito que apura a&nbsp;tentativa de golpe de Estado no pa\u00eds ap\u00f3s as elei\u00e7\u00f5es de 2022. Ele estaria atrapalhando as investiga\u00e7\u00f5es, na livre produ\u00e7\u00e3o de prova durante a instru\u00e7\u00e3o do processo penal.&nbsp;<img decoding=\"async\" src=\"https:\/\/agenciabrasil.ebc.com.br\/ebc.png?id=1623701&amp;o=node\"><img decoding=\"async\" src=\"https:\/\/agenciabrasil.ebc.com.br\/ebc.gif?id=1623701&amp;o=node\"><\/p>\n\n\n\n<p>Braga Netto foi preso no Rio de Janeiro. A PF realiza buscas na casa do general, em Copacabana.<\/p>\n\n\n\n<p>Os mandados de pris\u00e3o preventiva, busca e apreens\u00e3o foram expedidos pelo ministro Alexandre de Moraes, relator do inqu\u00e9rito no Supremo Tribunal Federal (STF).&nbsp;<\/p>\n\n\n\n<p>Braga Netto ser\u00e1 entregue ao Comando Militar do Leste e ficar\u00e1 sob cust\u00f3dia do Ex\u00e9rcito.<\/p>\n\n\n\n<p>O general foi candidato a vice-presidente em 2022 na chapa com Jair Bolsonaro. Antes, ocupou os cargos de ministros da Casa Civil e da Defesa. Em 2018, comandou a interven\u00e7\u00e3o federal na seguran\u00e7a do estado do Rio de Janeiro.&nbsp;<\/p>\n\n\n\n<p>Fonte: Ag\u00eancia Brasil \/ Foto: Fernando Fraz\u00e3o, Ag\u00eancia Brasil<\/p>\n","protected":false},"excerpt":{"rendered":"<p>A Pol\u00edcia Federal prendeu, na manh\u00e3 deste s\u00e1bado (14), o ex-ministro da Defesa e general Walter Braga Netto. Ele \u00e9 um dos alvos do inqu\u00e9rito que apura a&nbsp;tentativa de golpe de Estado no pa\u00eds ap\u00f3s as elei\u00e7\u00f5es de 2022. Ele estaria atrapalhando as investiga\u00e7\u00f5es, na livre produ\u00e7\u00e3o de prova durante a instru\u00e7\u00e3o do processo penal.&nbsp; &hellip; <\/p>\n","protected":false},"author":1,"featured_media":36238,"comment_status":"open","ping_status":"open","sticky":false,"template":"","format":"standard","meta":{"footnotes":""},"categories":[4],"tags":[],"class_list":["post-36237","post","type-post","status-publish","format-standard","has-post-thumbnail","hentry","category-noticias"],"_links":{"self":[{"href":"https:\/\/radioimprensa.com.br\/index.php\/wp-json\/wp\/v2\/posts\/36237","targetHints":{"allow":["GET"]}}],"collection":[{"href":"https:\/\/radioimprensa.com.br\/index.php\/wp-json\/wp\/v2\/posts"}],"about":[{"href":"https:\/\/radioimprensa.com.br\/index.php\/wp-json\/wp\/v2\/types\/post"}],"author":[{"embeddable":true,"href":"https:\/\/radioimprensa.com.br\/index.php\/wp-json\/wp\/v2\/users\/1"}],"replies":[{"embeddable":true,"href":"https:\/\/radioimprensa.com.br\/index.php\/wp-json\/wp\/v2\/comments?post=36237"}],"version-history":[{"count":1,"href":"https:\/\/radioimprensa.com.br\/index.php\/wp-json\/wp\/v2\/posts\/36237\/revisions"}],"predecessor-version":[{"id":36239,"href":"https:\/\/radioimprensa.com.br\/index.php\/wp-json\/wp\/v2\/posts\/36237\/revisions\/36239"}],"wp:featuredmedia":[{"embeddable":true,"href":"https:\/\/radioimprensa.com.br\/index.php\/wp-json\/wp\/v2\/media\/36238"}],"wp:attachment":[{"href":"https:\/\/radioimprensa.com.br\/index.php\/wp-json\/wp\/v2\/media?parent=36237"}],"wp:term":[{"taxonomy":"category","embeddable":true,"href":"https:\/\/radioimprensa.com.br\/index.php\/wp-json\/wp\/v2\/categories?post=36237"},{"taxonomy":"post_tag","embeddable":true,"href":"https:\/\/radioimprensa.com.br\/index.php\/wp-json\/wp\/v2\/tags?post=36237"}],"curies":[{"name":"wp","href":"https:\/\/api.w.org\/{rel}","templated":true}]}}