{"id":36240,"date":"2024-12-14T08:41:20","date_gmt":"2024-12-14T11:41:20","guid":{"rendered":"https:\/\/radioimprensa.com.br\/?p=36240"},"modified":"2024-12-14T08:43:09","modified_gmt":"2024-12-14T11:43:09","slug":"conmebol-divulga-datas-da-recopa-sul-americana","status":"publish","type":"post","link":"https:\/\/radioimprensa.com.br\/index.php\/2024\/12\/14\/conmebol-divulga-datas-da-recopa-sul-americana\/","title":{"rendered":"Conmebol divulga datas da Recopa Sul-Americana"},"content":{"rendered":"\n<p>A Conmebol (Confedera\u00e7\u00e3o Sul-Americana de Futebol) anunciou que a Recopa Sul-Americana ser\u00e1 disputada nos dias 20 e 27 de fevereiro de 2025. A disputa envolve o Botafogo, atual campe\u00e3o da Copa Libertadores, e o Racing (Argentina), detentor do t\u00edtulo da Copa Sul-Americana.<img decoding=\"async\" src=\"https:\/\/agenciabrasil.ebc.com.br\/ebc.png?id=1623697&amp;o=node\"><img decoding=\"async\" src=\"https:\/\/agenciabrasil.ebc.com.br\/ebc.gif?id=1623697&amp;o=node\"><\/p>\n\n\n\n<p>O confronto de ida, no dia 20 de fevereiro a partir das 21h30 (hor\u00e1rio de Bras\u00edlia), ser\u00e1 disputado em Buenos Aires (Argentina). J\u00e1 o jogo de volta, no dia 27 de fevereiro a partir das 21h30, ter\u00e1 como palco a cidade do Rio de Janeiro.<\/p>\n\n\n\n<p>A disputa da Recopa Sul-Americana ser\u00e1 mais uma oportunidade de o Alvinegro de General Severiano conquistar um trof\u00e9u in\u00e9dito, ap\u00f3s a conquista da Copa Libertadores, no dia 30 de novembro sobre o Atl\u00e9tico-MG em Buenos Aires.<\/p>\n\n\n\n<p>Fonte: Ag\u00eancia Brasil \/ Foto: Divulga\u00e7\u00e3o CONMEBOL<\/p>\n","protected":false},"excerpt":{"rendered":"<p>A Conmebol (Confedera\u00e7\u00e3o Sul-Americana de Futebol) anunciou que a Recopa Sul-Americana ser\u00e1 disputada nos dias 20 e 27 de fevereiro de 2025. A disputa envolve o Botafogo, atual campe\u00e3o da Copa Libertadores, e o Racing (Argentina), detentor do t\u00edtulo da Copa Sul-Americana. O confronto de ida, no dia 20 de fevereiro a partir das 21h30 &hellip; <\/p>\n","protected":false},"author":1,"featured_media":36243,"comment_status":"open","ping_status":"open","sticky":false,"template":"","format":"standard","meta":{"footnotes":""},"categories":[4],"tags":[],"class_list":["post-36240","post","type-post","status-publish","format-standard","has-post-thumbnail","hentry","category-noticias"],"_links":{"self":[{"href":"https:\/\/radioimprensa.com.br\/index.php\/wp-json\/wp\/v2\/posts\/36240","targetHints":{"allow":["GET"]}}],"collection":[{"href":"https:\/\/radioimprensa.com.br\/index.php\/wp-json\/wp\/v2\/posts"}],"about":[{"href":"https:\/\/radioimprensa.com.br\/index.php\/wp-json\/wp\/v2\/types\/post"}],"author":[{"embeddable":true,"href":"https:\/\/radioimprensa.com.br\/index.php\/wp-json\/wp\/v2\/users\/1"}],"replies":[{"embeddable":true,"href":"https:\/\/radioimprensa.com.br\/index.php\/wp-json\/wp\/v2\/comments?post=36240"}],"version-history":[{"count":1,"href":"https:\/\/radioimprensa.com.br\/index.php\/wp-json\/wp\/v2\/posts\/36240\/revisions"}],"predecessor-version":[{"id":36242,"href":"https:\/\/radioimprensa.com.br\/index.php\/wp-json\/wp\/v2\/posts\/36240\/revisions\/36242"}],"wp:featuredmedia":[{"embeddable":true,"href":"https:\/\/radioimprensa.com.br\/index.php\/wp-json\/wp\/v2\/media\/36243"}],"wp:attachment":[{"href":"https:\/\/radioimprensa.com.br\/index.php\/wp-json\/wp\/v2\/media?parent=36240"}],"wp:term":[{"taxonomy":"category","embeddable":true,"href":"https:\/\/radioimprensa.com.br\/index.php\/wp-json\/wp\/v2\/categories?post=36240"},{"taxonomy":"post_tag","embeddable":true,"href":"https:\/\/radioimprensa.com.br\/index.php\/wp-json\/wp\/v2\/tags?post=36240"}],"curies":[{"name":"wp","href":"https:\/\/api.w.org\/{rel}","templated":true}]}}