{"id":36255,"date":"2024-12-21T09:22:03","date_gmt":"2024-12-21T12:22:03","guid":{"rendered":"https:\/\/radioimprensa.com.br\/?p=36255"},"modified":"2024-12-21T09:22:05","modified_gmt":"2024-12-21T12:22:05","slug":"verao-comeca-e-deve-reunir-calor-e-muita-chuva","status":"publish","type":"post","link":"https:\/\/radioimprensa.com.br\/index.php\/2024\/12\/21\/verao-comeca-e-deve-reunir-calor-e-muita-chuva\/","title":{"rendered":"Ver\u00e3o come\u00e7a e deve reunir calor e muita chuva"},"content":{"rendered":"\n<p>A esta\u00e7\u00e3o mais quente do ano (apreciada por muitos brasileiros) come\u00e7ou neste s\u00e1bado e ir\u00e1 vigorar at\u00e9 o dia 20 de mar\u00e7o de 2025.<\/p>\n\n\n\n<p>Conforme o Climatempo, as\u00a0principais tend\u00eancias para a esta\u00e7\u00e3o\u00a0ser\u00e3o:<\/p>\n\n\n\n<ul class=\"wp-block-list\">\n<li>Forma\u00e7\u00e3o frequente de\u00a0corredores de umidade entre o Norte, Centro-Oeste e Sudeste, contribuindo para a instabilidade no clima.<\/li>\n\n\n\n<li>Chuvas volumosas, que podem ficar acima da m\u00e9dia, em boa parte do Sudeste, Centro-Oeste, Norte e parte do Nordeste.<\/li>\n\n\n\n<li>Temperaturas acima da m\u00e9dia\u00a0no\u00a0Sul\u00a0e em parte da regi\u00e3o\u00a0Norte, com alguns dias com calor acima do normal.<\/li>\n\n\n\n<li>Alta nebulosidade e chuva frequente, o que deve impedir a forma\u00e7\u00e3o de ondas de calor de grande abrang\u00eancia sobre o pa\u00eds.<\/li>\n<\/ul>\n\n\n\n<p>Fonte: G1 \/ Foto: iStock<\/p>\n","protected":false},"excerpt":{"rendered":"<p>A esta\u00e7\u00e3o mais quente do ano (apreciada por muitos brasileiros) come\u00e7ou neste s\u00e1bado e ir\u00e1 vigorar at\u00e9 o dia 20 de mar\u00e7o de 2025. Conforme o Climatempo, as\u00a0principais tend\u00eancias para a esta\u00e7\u00e3o\u00a0ser\u00e3o: Fonte: G1 \/ Foto: iStock<\/p>\n","protected":false},"author":1,"featured_media":17319,"comment_status":"open","ping_status":"open","sticky":false,"template":"","format":"standard","meta":{"footnotes":""},"categories":[4],"tags":[],"class_list":["post-36255","post","type-post","status-publish","format-standard","has-post-thumbnail","hentry","category-noticias"],"_links":{"self":[{"href":"https:\/\/radioimprensa.com.br\/index.php\/wp-json\/wp\/v2\/posts\/36255","targetHints":{"allow":["GET"]}}],"collection":[{"href":"https:\/\/radioimprensa.com.br\/index.php\/wp-json\/wp\/v2\/posts"}],"about":[{"href":"https:\/\/radioimprensa.com.br\/index.php\/wp-json\/wp\/v2\/types\/post"}],"author":[{"embeddable":true,"href":"https:\/\/radioimprensa.com.br\/index.php\/wp-json\/wp\/v2\/users\/1"}],"replies":[{"embeddable":true,"href":"https:\/\/radioimprensa.com.br\/index.php\/wp-json\/wp\/v2\/comments?post=36255"}],"version-history":[{"count":1,"href":"https:\/\/radioimprensa.com.br\/index.php\/wp-json\/wp\/v2\/posts\/36255\/revisions"}],"predecessor-version":[{"id":36256,"href":"https:\/\/radioimprensa.com.br\/index.php\/wp-json\/wp\/v2\/posts\/36255\/revisions\/36256"}],"wp:featuredmedia":[{"embeddable":true,"href":"https:\/\/radioimprensa.com.br\/index.php\/wp-json\/wp\/v2\/media\/17319"}],"wp:attachment":[{"href":"https:\/\/radioimprensa.com.br\/index.php\/wp-json\/wp\/v2\/media?parent=36255"}],"wp:term":[{"taxonomy":"category","embeddable":true,"href":"https:\/\/radioimprensa.com.br\/index.php\/wp-json\/wp\/v2\/categories?post=36255"},{"taxonomy":"post_tag","embeddable":true,"href":"https:\/\/radioimprensa.com.br\/index.php\/wp-json\/wp\/v2\/tags?post=36255"}],"curies":[{"name":"wp","href":"https:\/\/api.w.org\/{rel}","templated":true}]}}