{"id":36261,"date":"2024-12-27T11:13:10","date_gmt":"2024-12-27T14:13:10","guid":{"rendered":"https:\/\/radioimprensa.com.br\/?p=36261"},"modified":"2024-12-27T11:13:11","modified_gmt":"2024-12-27T14:13:11","slug":"trens-e-metro-terao-nova-tarifa-a-partir-de-6-de-janeiro","status":"publish","type":"post","link":"https:\/\/radioimprensa.com.br\/index.php\/2024\/12\/27\/trens-e-metro-terao-nova-tarifa-a-partir-de-6-de-janeiro\/","title":{"rendered":"Trens e metr\u00f4 ter\u00e3o nova tarifa a partir de 6 de janeiro"},"content":{"rendered":"\n<p>A tarifa b\u00e1sica dos trens e metr\u00f4 passar\u00e1 para R$ 5,20 a partir do pr\u00f3ximo dia 6 de janeiro, sendo mantidas todas as atuais gratuidades existentes. O reajuste previsto \u00e9 inferior \u00e0 infla\u00e7\u00e3o de 5,09%, com base na proje\u00e7\u00e3o do IPC-FIPE.<\/p>\n\n\n\n<p>O novo valor reflete a necessidade de manter a sustentabilidade financeira e a qualidade dos servi\u00e7os prestados \u00e0 popula\u00e7\u00e3o e foi decidido ap\u00f3s an\u00e1lise das despesas operacionais crescentes, incluindo custos com manuten\u00e7\u00e3o, infraestrutura e pessoal. De acordo com a Secretaria de Transportes Metropolitanos (STM) do Governo de SP, o objetivo \u00e9 garantir a efici\u00eancia e a seguran\u00e7a do sistema de transporte p\u00fablico, e o reajuste da tarifa \u00e9 uma medida necess\u00e1ria para assegurar a continuidade desses padr\u00f5es.<\/p>\n\n\n\n<p>A receita adicional proveniente do ajuste tarif\u00e1rio ser\u00e1 integralmente reinvestida na moderniza\u00e7\u00e3o e expans\u00e3o da infraestrutura de transporte p\u00fablico, visando oferecer uma experi\u00eancia cada vez mais eficiente e confort\u00e1vel para os passageiros. Atualmente, a STM tem 17 obras em andamento, com investimento de R$ 38,5 bilh\u00f5es, que v\u00e3o ampliar a malha de transporte e tornar o sistema mais moderno, sustent\u00e1vel&nbsp;e&nbsp;inclusivo.<\/p>\n\n\n\n<p>Fonte: Ag\u00eancia SP \/ Foto: Divulga\u00e7\u00e3o GovSP<\/p>\n","protected":false},"excerpt":{"rendered":"<p>A tarifa b\u00e1sica dos trens e metr\u00f4 passar\u00e1 para R$ 5,20 a partir do pr\u00f3ximo dia 6 de janeiro, sendo mantidas todas as atuais gratuidades existentes. O reajuste previsto \u00e9 inferior \u00e0 infla\u00e7\u00e3o de 5,09%, com base na proje\u00e7\u00e3o do IPC-FIPE. O novo valor reflete a necessidade de manter a sustentabilidade financeira e a qualidade &hellip; <\/p>\n","protected":false},"author":1,"featured_media":36262,"comment_status":"open","ping_status":"open","sticky":false,"template":"","format":"standard","meta":{"footnotes":""},"categories":[4],"tags":[],"class_list":["post-36261","post","type-post","status-publish","format-standard","has-post-thumbnail","hentry","category-noticias"],"_links":{"self":[{"href":"https:\/\/radioimprensa.com.br\/index.php\/wp-json\/wp\/v2\/posts\/36261","targetHints":{"allow":["GET"]}}],"collection":[{"href":"https:\/\/radioimprensa.com.br\/index.php\/wp-json\/wp\/v2\/posts"}],"about":[{"href":"https:\/\/radioimprensa.com.br\/index.php\/wp-json\/wp\/v2\/types\/post"}],"author":[{"embeddable":true,"href":"https:\/\/radioimprensa.com.br\/index.php\/wp-json\/wp\/v2\/users\/1"}],"replies":[{"embeddable":true,"href":"https:\/\/radioimprensa.com.br\/index.php\/wp-json\/wp\/v2\/comments?post=36261"}],"version-history":[{"count":1,"href":"https:\/\/radioimprensa.com.br\/index.php\/wp-json\/wp\/v2\/posts\/36261\/revisions"}],"predecessor-version":[{"id":36263,"href":"https:\/\/radioimprensa.com.br\/index.php\/wp-json\/wp\/v2\/posts\/36261\/revisions\/36263"}],"wp:featuredmedia":[{"embeddable":true,"href":"https:\/\/radioimprensa.com.br\/index.php\/wp-json\/wp\/v2\/media\/36262"}],"wp:attachment":[{"href":"https:\/\/radioimprensa.com.br\/index.php\/wp-json\/wp\/v2\/media?parent=36261"}],"wp:term":[{"taxonomy":"category","embeddable":true,"href":"https:\/\/radioimprensa.com.br\/index.php\/wp-json\/wp\/v2\/categories?post=36261"},{"taxonomy":"post_tag","embeddable":true,"href":"https:\/\/radioimprensa.com.br\/index.php\/wp-json\/wp\/v2\/tags?post=36261"}],"curies":[{"name":"wp","href":"https:\/\/api.w.org\/{rel}","templated":true}]}}