{"id":36269,"date":"2025-01-04T08:51:16","date_gmt":"2025-01-04T11:51:16","guid":{"rendered":"https:\/\/radioimprensa.com.br\/?p=36269"},"modified":"2025-01-04T08:51:17","modified_gmt":"2025-01-04T11:51:17","slug":"ministerio-da-saude-diz-que-estoques-de-vacinas-estao-100-abastecidos","status":"publish","type":"post","link":"https:\/\/radioimprensa.com.br\/index.php\/2025\/01\/04\/ministerio-da-saude-diz-que-estoques-de-vacinas-estao-100-abastecidos\/","title":{"rendered":"Minist\u00e9rio da Sa\u00fade diz que estoques de vacinas est\u00e3o 100% abastecidos"},"content":{"rendered":"\n<p>O Minist\u00e9rio da Sa\u00fade garantiu que todos os estados do Brasil est\u00e3o 100% abastecidos com as vacinas do calend\u00e1rio b\u00e1sico. Anualmente, o Programa Nacional de Imuniza\u00e7\u00f5es distribui cerca de 300 milh\u00f5es de doses de vacinas para todos os 5.570 munic\u00edpios brasileiros. Mas essa quantia foi superada em 2023 e 2024, com a entrega de mais de 643 milh\u00f5es de doses a todos os estados.&nbsp;<img decoding=\"async\" src=\"https:\/\/agenciabrasil.ebc.com.br\/ebc.png?id=1625744&amp;o=node\"><img decoding=\"async\" src=\"https:\/\/agenciabrasil.ebc.com.br\/ebc.gif?id=1625744&amp;o=node\"><\/p>\n\n\n\n<p>De acordo com a pasta, mesmo os estoques da vacina contra a varicela foram abastecidos, apesar de haver uma escassez global da mat\u00e9ria-prima utilizada. &#8220;Hoje, contamos com tr\u00eas fornecedores para essa vacina, assegurando a normaliza\u00e7\u00e3o ao longo do primeiro semestre de 2025\u201d, garantiu o diretor do PNI, Eder&nbsp;Gatti.&nbsp;<\/p>\n\n\n\n<p>De acordo com pesquisa divulgada pela Confedera\u00e7\u00e3o Nacional dos Munic\u00edpios na semana passada, em cerca de 1,5 mil\u00a0munic\u00edpios, os gestores declararam que o\u00a0imunizante estava em falta..\u00a0<\/p>\n\n\n\n<p>No mesmo levantamento, 746 cidades declararam que n\u00e3o tinham vacinas contra a covid-19 para a imuniza\u00e7\u00e3o de adultos. Mas, de acordo com o minist\u00e9rio, os estoques dessa vacina tamb\u00e9m foram refor\u00e7ados: de outubro a dezembro de 2024&nbsp;foram distribu\u00eddas 3,7 milh\u00f5es de doses aos estados, e apenas 503 mil foram aplicadas.&nbsp;<\/p>\n\n\n\n<p>O Minist\u00e9rio da Sa\u00fade mudou a forma de compra das vacinas contra a covid-19 no ano passado. Por meio de preg\u00e3o eletr\u00f4nico, j\u00e1 garantiu a aquisi\u00e7\u00e3o de 69 milh\u00f5es de doses, que poder\u00e3o ser utilizadas em at\u00e9 dois anos, mas ser\u00e3o entregues de forma gradual, conforme a demanda, para evitar desperd\u00edcios.&nbsp;<\/p>\n\n\n\n<p>Gatti ressaltou que a distribui\u00e7\u00e3o das vacinas pelo Brasil representa um desafio log\u00edstico complexo, considerando a extens\u00e3o territorial e a diversidade do pa\u00eds. &#8220;Trabalhamos em parceria com os estados, que fazem a distribui\u00e7\u00e3o aos munic\u00edpios. Apesar dos desafios, conseguimos enviar todas as grades de vacinas do calend\u00e1rio b\u00e1sico no m\u00eas de dezembro. Temos estoques garantidos, como \u00e9 o caso das vacinas de meningite e coqueluche, com reservas para atender a demanda dos pr\u00f3ximos seis meses\u201d, complementou.<\/p>\n\n\n\n<p>Fonte: Ag\u00eancia Brasil \/ Foto: Reprodu\u00e7\u00e3o<\/p>\n","protected":false},"excerpt":{"rendered":"<p>O Minist\u00e9rio da Sa\u00fade garantiu que todos os estados do Brasil est\u00e3o 100% abastecidos com as vacinas do calend\u00e1rio b\u00e1sico. Anualmente, o Programa Nacional de Imuniza\u00e7\u00f5es distribui cerca de 300 milh\u00f5es de doses de vacinas para todos os 5.570 munic\u00edpios brasileiros. Mas essa quantia foi superada em 2023 e 2024, com a entrega de mais &hellip; <\/p>\n","protected":false},"author":1,"featured_media":16604,"comment_status":"open","ping_status":"open","sticky":false,"template":"","format":"standard","meta":{"footnotes":""},"categories":[4],"tags":[],"class_list":["post-36269","post","type-post","status-publish","format-standard","has-post-thumbnail","hentry","category-noticias"],"_links":{"self":[{"href":"https:\/\/radioimprensa.com.br\/index.php\/wp-json\/wp\/v2\/posts\/36269","targetHints":{"allow":["GET"]}}],"collection":[{"href":"https:\/\/radioimprensa.com.br\/index.php\/wp-json\/wp\/v2\/posts"}],"about":[{"href":"https:\/\/radioimprensa.com.br\/index.php\/wp-json\/wp\/v2\/types\/post"}],"author":[{"embeddable":true,"href":"https:\/\/radioimprensa.com.br\/index.php\/wp-json\/wp\/v2\/users\/1"}],"replies":[{"embeddable":true,"href":"https:\/\/radioimprensa.com.br\/index.php\/wp-json\/wp\/v2\/comments?post=36269"}],"version-history":[{"count":1,"href":"https:\/\/radioimprensa.com.br\/index.php\/wp-json\/wp\/v2\/posts\/36269\/revisions"}],"predecessor-version":[{"id":36270,"href":"https:\/\/radioimprensa.com.br\/index.php\/wp-json\/wp\/v2\/posts\/36269\/revisions\/36270"}],"wp:featuredmedia":[{"embeddable":true,"href":"https:\/\/radioimprensa.com.br\/index.php\/wp-json\/wp\/v2\/media\/16604"}],"wp:attachment":[{"href":"https:\/\/radioimprensa.com.br\/index.php\/wp-json\/wp\/v2\/media?parent=36269"}],"wp:term":[{"taxonomy":"category","embeddable":true,"href":"https:\/\/radioimprensa.com.br\/index.php\/wp-json\/wp\/v2\/categories?post=36269"},{"taxonomy":"post_tag","embeddable":true,"href":"https:\/\/radioimprensa.com.br\/index.php\/wp-json\/wp\/v2\/tags?post=36269"}],"curies":[{"name":"wp","href":"https:\/\/api.w.org\/{rel}","templated":true}]}}