{"id":36295,"date":"2025-01-28T11:35:01","date_gmt":"2025-01-28T14:35:01","guid":{"rendered":"https:\/\/radioimprensa.com.br\/?p=36295"},"modified":"2025-01-28T11:35:02","modified_gmt":"2025-01-28T14:35:02","slug":"artesanato-e-palhacaria-chegam-a-casa-une","status":"publish","type":"post","link":"https:\/\/radioimprensa.com.br\/index.php\/2025\/01\/28\/artesanato-e-palhacaria-chegam-a-casa-une\/","title":{"rendered":"Artesanato e Palha\u00e7aria chegam \u00e0 Casa Une"},"content":{"rendered":"\n<p>A Casa UNE &#8211; espa\u00e7o de Conhecimento, Cultura, Inova\u00e7\u00e3o e Neg\u00f3cios &#8211; abre uma exposi\u00e7\u00e3o gr\u00e1tis de Artesanato Brasileiro, nesta ter\u00e7a-feira, dia 28.<\/p>\n\n\n\n<p>A mostra re\u00fane obras de 4 artes\u00e3os consagrados no segmento, sendo: J. Borges, Noemisa Batista, Manoel Eud\u00f3cio e Manoel Graciano.<\/p>\n\n\n\n<p>Al\u00e9m disso, no dia 31, o local tamb\u00e9m ter\u00e1 uma apresenta\u00e7\u00e3o do Palha\u00e7o Peruca, em celebra\u00e7\u00e3o pelo Dia do M\u00e1gico.<\/p>\n\n\n\n<p>Saiba mais no link casaune.com ou no Instagram, pelo perfil @casa.une<\/p>\n\n\n\n<p>Fonte: R\u00e1dio Imprensa \/ Foto: Divulga\u00e7\u00e3o<\/p>\n","protected":false},"excerpt":{"rendered":"<p>A Casa UNE &#8211; espa\u00e7o de Conhecimento, Cultura, Inova\u00e7\u00e3o e Neg\u00f3cios &#8211; abre uma exposi\u00e7\u00e3o gr\u00e1tis de Artesanato Brasileiro, nesta ter\u00e7a-feira, dia 28. A mostra re\u00fane obras de 4 artes\u00e3os consagrados no segmento, sendo: J. Borges, Noemisa Batista, Manoel Eud\u00f3cio e Manoel Graciano. Al\u00e9m disso, no dia 31, o local tamb\u00e9m ter\u00e1 uma apresenta\u00e7\u00e3o do &hellip; <\/p>\n","protected":false},"author":1,"featured_media":36296,"comment_status":"open","ping_status":"open","sticky":false,"template":"","format":"standard","meta":{"footnotes":""},"categories":[4],"tags":[],"class_list":["post-36295","post","type-post","status-publish","format-standard","has-post-thumbnail","hentry","category-noticias"],"_links":{"self":[{"href":"https:\/\/radioimprensa.com.br\/index.php\/wp-json\/wp\/v2\/posts\/36295","targetHints":{"allow":["GET"]}}],"collection":[{"href":"https:\/\/radioimprensa.com.br\/index.php\/wp-json\/wp\/v2\/posts"}],"about":[{"href":"https:\/\/radioimprensa.com.br\/index.php\/wp-json\/wp\/v2\/types\/post"}],"author":[{"embeddable":true,"href":"https:\/\/radioimprensa.com.br\/index.php\/wp-json\/wp\/v2\/users\/1"}],"replies":[{"embeddable":true,"href":"https:\/\/radioimprensa.com.br\/index.php\/wp-json\/wp\/v2\/comments?post=36295"}],"version-history":[{"count":1,"href":"https:\/\/radioimprensa.com.br\/index.php\/wp-json\/wp\/v2\/posts\/36295\/revisions"}],"predecessor-version":[{"id":36297,"href":"https:\/\/radioimprensa.com.br\/index.php\/wp-json\/wp\/v2\/posts\/36295\/revisions\/36297"}],"wp:featuredmedia":[{"embeddable":true,"href":"https:\/\/radioimprensa.com.br\/index.php\/wp-json\/wp\/v2\/media\/36296"}],"wp:attachment":[{"href":"https:\/\/radioimprensa.com.br\/index.php\/wp-json\/wp\/v2\/media?parent=36295"}],"wp:term":[{"taxonomy":"category","embeddable":true,"href":"https:\/\/radioimprensa.com.br\/index.php\/wp-json\/wp\/v2\/categories?post=36295"},{"taxonomy":"post_tag","embeddable":true,"href":"https:\/\/radioimprensa.com.br\/index.php\/wp-json\/wp\/v2\/tags?post=36295"}],"curies":[{"name":"wp","href":"https:\/\/api.w.org\/{rel}","templated":true}]}}