{"id":36321,"date":"2025-02-10T11:21:27","date_gmt":"2025-02-10T14:21:27","guid":{"rendered":"https:\/\/radioimprensa.com.br\/?p=36321"},"modified":"2025-02-10T11:21:28","modified_gmt":"2025-02-10T14:21:28","slug":"abertas-as-inscricoes-para-o-programa-aluno-monitor","status":"publish","type":"post","link":"https:\/\/radioimprensa.com.br\/index.php\/2025\/02\/10\/abertas-as-inscricoes-para-o-programa-aluno-monitor\/","title":{"rendered":"Abertas as inscri\u00e7\u00f5es\u00a0para o Programa Aluno Monitor"},"content":{"rendered":"\n<p>A Secretaria da Educa\u00e7\u00e3o do Estado de S\u00e3o Paulo (Seduc-SP) recebe a partir desta segunda-feira (10) as\u00a0inscri\u00e7\u00f5es de estudantes da 3\u00aa s\u00e9rie do Ensino M\u00e9dio interessados em atuar no programa Aluno Monitor do BEEM\u00a0(Bolsa Est\u00e1gio Ensino M\u00e9dio). Em todo o estado, ser\u00e3o selecionados 12 mil estudantes, que atuar\u00e3o em suas pr\u00f3prias escolas para apoiar colegas com dificuldade em matem\u00e1tica ou l\u00edngua portuguesa durante as aulas de orienta\u00e7\u00e3o de estudos.<\/p>\n\n\n\n<p>As inscri\u00e7\u00f5es devem ser feitas por meio do acesso do pr\u00f3prio aluno \u00e0 Secretaria Escolar Digital (SED), entre esta segunda-feira (10) e o dia 25 de fevereiro. O programa Aluno Monitor do BEEM \u00e9 destinado a alunos da 3\u00aa s\u00e9rie do Ensino M\u00e9dio, que receber\u00e3o bolsas de R$ 296,16 para oito horas semanais e R$ 555,30 para 16 horas semanais de atua\u00e7\u00e3o.&nbsp;<\/p>\n\n\n\n<p>Os candidatos a alunos monitores do BEEM devem ter registrado, obrigatoriamente, frequ\u00eancia geral igual ou superior a 85% no \u00faltimo ano letivo. Para a classifica\u00e7\u00e3o geral ser\u00e3o consideradas as notas do Saresp e o desempenho na entrevista com a banca examinadora da escola. O resultado final ser\u00e1 divulgado at\u00e9 7 de mar\u00e7o e o in\u00edcio da monitoria est\u00e1 previsto para 10 de mar\u00e7o.&nbsp;<\/p>\n\n\n\n<p>Fonte: Ag\u00eancia SP \/ Foto: Rovena Rosa, Ag\u00eancia Brasil<\/p>\n","protected":false},"excerpt":{"rendered":"<p>A Secretaria da Educa\u00e7\u00e3o do Estado de S\u00e3o Paulo (Seduc-SP) recebe a partir desta segunda-feira (10) as\u00a0inscri\u00e7\u00f5es de estudantes da 3\u00aa s\u00e9rie do Ensino M\u00e9dio interessados em atuar no programa Aluno Monitor do BEEM\u00a0(Bolsa Est\u00e1gio Ensino M\u00e9dio). Em todo o estado, ser\u00e3o selecionados 12 mil estudantes, que atuar\u00e3o em suas pr\u00f3prias escolas para apoiar colegas &hellip; <\/p>\n","protected":false},"author":1,"featured_media":31815,"comment_status":"open","ping_status":"open","sticky":false,"template":"","format":"standard","meta":{"footnotes":""},"categories":[4],"tags":[],"class_list":["post-36321","post","type-post","status-publish","format-standard","has-post-thumbnail","hentry","category-noticias"],"_links":{"self":[{"href":"https:\/\/radioimprensa.com.br\/index.php\/wp-json\/wp\/v2\/posts\/36321","targetHints":{"allow":["GET"]}}],"collection":[{"href":"https:\/\/radioimprensa.com.br\/index.php\/wp-json\/wp\/v2\/posts"}],"about":[{"href":"https:\/\/radioimprensa.com.br\/index.php\/wp-json\/wp\/v2\/types\/post"}],"author":[{"embeddable":true,"href":"https:\/\/radioimprensa.com.br\/index.php\/wp-json\/wp\/v2\/users\/1"}],"replies":[{"embeddable":true,"href":"https:\/\/radioimprensa.com.br\/index.php\/wp-json\/wp\/v2\/comments?post=36321"}],"version-history":[{"count":1,"href":"https:\/\/radioimprensa.com.br\/index.php\/wp-json\/wp\/v2\/posts\/36321\/revisions"}],"predecessor-version":[{"id":36322,"href":"https:\/\/radioimprensa.com.br\/index.php\/wp-json\/wp\/v2\/posts\/36321\/revisions\/36322"}],"wp:featuredmedia":[{"embeddable":true,"href":"https:\/\/radioimprensa.com.br\/index.php\/wp-json\/wp\/v2\/media\/31815"}],"wp:attachment":[{"href":"https:\/\/radioimprensa.com.br\/index.php\/wp-json\/wp\/v2\/media?parent=36321"}],"wp:term":[{"taxonomy":"category","embeddable":true,"href":"https:\/\/radioimprensa.com.br\/index.php\/wp-json\/wp\/v2\/categories?post=36321"},{"taxonomy":"post_tag","embeddable":true,"href":"https:\/\/radioimprensa.com.br\/index.php\/wp-json\/wp\/v2\/tags?post=36321"}],"curies":[{"name":"wp","href":"https:\/\/api.w.org\/{rel}","templated":true}]}}