{"id":36326,"date":"2025-02-12T10:53:15","date_gmt":"2025-02-12T13:53:15","guid":{"rendered":"https:\/\/radioimprensa.com.br\/?p=36326"},"modified":"2025-02-12T10:53:17","modified_gmt":"2025-02-12T13:53:17","slug":"carnaval-em-sp-deve-atrair-45-milhoes-de-pessoas","status":"publish","type":"post","link":"https:\/\/radioimprensa.com.br\/index.php\/2025\/02\/12\/carnaval-em-sp-deve-atrair-45-milhoes-de-pessoas\/","title":{"rendered":"Carnaval em SP deve atrair 4,5 milh\u00f5es de pessoas"},"content":{"rendered":"\n<p>A Secretaria de Turismo e Viagens do Estado de S\u00e3o Paulo (Setur-SP) divulgou nesta ter\u00e7a-feira (11) o resultado de uma sondagem realizada para estimar a movimenta\u00e7\u00e3o financeira e o n\u00famero de visitantes nos principais destinos tur\u00edsticos paulistas durante o Carnaval deste ano. Estima-se que 4,5 milh\u00f5es de pessoas circulem por S\u00e3o Paulo no per\u00edodo, com um acr\u00e9scimo de R$ 6,4 bilh\u00f5es \u00e0 economia estadual, de acordo com o Centro de Intelig\u00eancia da Economia do Turismo (CIET), ligado \u00e0 Setur-SP.<\/p>\n\n\n\n<p>A ocupa\u00e7\u00e3o hoteleira m\u00e9dia nos destinos paulistas deve ficar em 73%, embora alguns munic\u00edpios do litoral norte, como Caraguatatuba, e da Baixada Santista, como Itanha\u00e9m, fiquem completamente lotados, segundo as prefeituras. Cada uma delas deve receber cerca de 300 mil foli\u00f5es, considerando as festas planejadas, desfiles de blocos de rua e escolas de samba j\u00e1 tradicionais.<\/p>\n\n\n\n<p>A sondagem de 2025 do CIET tamb\u00e9m monitorou iniciativas de sustentabilidade. O resultado mostra que 77% dos munic\u00edpios tur\u00edsticos planejaram estrat\u00e9gias para o descarte correto do lixo, o uso consciente dos recursos naturais e a prote\u00e7\u00e3o da biodiversidade. A maior parte (72%) dos munic\u00edpios paulistas tamb\u00e9m investir\u00e1 em lixeiras extras, na instala\u00e7\u00e3o de banheiros qu\u00edmicos e no controle do acesso de \u00e1reas de prote\u00e7\u00e3o ambiental e patrim\u00f4nio hist\u00f3rico.<\/p>\n\n\n\n<p>As cidades de pequeno e m\u00e9dio porte do interior e litoral paulista, como S\u00e3o Jos\u00e9 do Rio Pardo e S\u00e3o Sebasti\u00e3o, costumam criar, em m\u00e9dia, durante o carnaval, por volta de 300 postos de trabalho tempor\u00e1rio. O per\u00edodo considera o pr\u00e9-carnaval (22 e 23 de fevereiro), o carnaval (1\u00ba a 4 de mar\u00e7o) e o p\u00f3s-carnaval (8 e 9 de mar\u00e7o).<\/p>\n\n\n\n<p>Fonte: Ag\u00eancia SP \/ Foto: Arquivo Ag\u00eancia Brasil<\/p>\n","protected":false},"excerpt":{"rendered":"<p>A Secretaria de Turismo e Viagens do Estado de S\u00e3o Paulo (Setur-SP) divulgou nesta ter\u00e7a-feira (11) o resultado de uma sondagem realizada para estimar a movimenta\u00e7\u00e3o financeira e o n\u00famero de visitantes nos principais destinos tur\u00edsticos paulistas durante o Carnaval deste ano. Estima-se que 4,5 milh\u00f5es de pessoas circulem por S\u00e3o Paulo no per\u00edodo, com &hellip; <\/p>\n","protected":false},"author":1,"featured_media":18755,"comment_status":"open","ping_status":"open","sticky":false,"template":"","format":"standard","meta":{"footnotes":""},"categories":[4],"tags":[],"class_list":["post-36326","post","type-post","status-publish","format-standard","has-post-thumbnail","hentry","category-noticias"],"_links":{"self":[{"href":"https:\/\/radioimprensa.com.br\/index.php\/wp-json\/wp\/v2\/posts\/36326","targetHints":{"allow":["GET"]}}],"collection":[{"href":"https:\/\/radioimprensa.com.br\/index.php\/wp-json\/wp\/v2\/posts"}],"about":[{"href":"https:\/\/radioimprensa.com.br\/index.php\/wp-json\/wp\/v2\/types\/post"}],"author":[{"embeddable":true,"href":"https:\/\/radioimprensa.com.br\/index.php\/wp-json\/wp\/v2\/users\/1"}],"replies":[{"embeddable":true,"href":"https:\/\/radioimprensa.com.br\/index.php\/wp-json\/wp\/v2\/comments?post=36326"}],"version-history":[{"count":1,"href":"https:\/\/radioimprensa.com.br\/index.php\/wp-json\/wp\/v2\/posts\/36326\/revisions"}],"predecessor-version":[{"id":36327,"href":"https:\/\/radioimprensa.com.br\/index.php\/wp-json\/wp\/v2\/posts\/36326\/revisions\/36327"}],"wp:featuredmedia":[{"embeddable":true,"href":"https:\/\/radioimprensa.com.br\/index.php\/wp-json\/wp\/v2\/media\/18755"}],"wp:attachment":[{"href":"https:\/\/radioimprensa.com.br\/index.php\/wp-json\/wp\/v2\/media?parent=36326"}],"wp:term":[{"taxonomy":"category","embeddable":true,"href":"https:\/\/radioimprensa.com.br\/index.php\/wp-json\/wp\/v2\/categories?post=36326"},{"taxonomy":"post_tag","embeddable":true,"href":"https:\/\/radioimprensa.com.br\/index.php\/wp-json\/wp\/v2\/tags?post=36326"}],"curies":[{"name":"wp","href":"https:\/\/api.w.org\/{rel}","templated":true}]}}