{"id":36328,"date":"2025-02-12T11:06:20","date_gmt":"2025-02-12T14:06:20","guid":{"rendered":"https:\/\/radioimprensa.com.br\/?p=36328"},"modified":"2025-02-12T11:06:21","modified_gmt":"2025-02-12T14:06:21","slug":"iptu-de-cotia-tem-vencimentos-nesta-semana","status":"publish","type":"post","link":"https:\/\/radioimprensa.com.br\/index.php\/2025\/02\/12\/iptu-de-cotia-tem-vencimentos-nesta-semana\/","title":{"rendered":"IPTU de Cotia tem vencimentos nesta semana"},"content":{"rendered":"\n<p>A Prefeitura de Cotia prorrogou a data de vencimento da parcela \u00fanica do IPTU 2025 (com 10% de desconto) e da primeira parcela, que venceriam em 20 de janeiro e o prazo final \u00e9 para a pr\u00f3xima sexta-feira (14). A mudan\u00e7a se deu por conta de instabilidade no sistema de emiss\u00e3o da 2\u00aa via do tributo.<\/p>\n\n\n\n<p>O tributo poder\u00e1 ser pago em at\u00e9 12 vezes desde que cada parcela n\u00e3o seja inferior a R$ 50, quem optar pelo pagamento \u00e0 vista ter\u00e1 10% de desconto. Apesar da mudan\u00e7a da data da 1\u00aa parcela e da cota \u00fanica, a Secretaria da Fazenda e Planejamento informou que as demais parcelas do tributo vencer\u00e3o sempre no dia 20 de cada m\u00eas, quando a data cair em fim de semana ou feriado, o imposto poder\u00e1 ser pago no pr\u00f3ximo dia \u00fatil sem incid\u00eancia de multa.<\/p>\n\n\n\n<p>Os carn\u00eas do IPTU 2025 foram enviados pela Secretaria da Fazenda e Planejamento para os endere\u00e7os cadastrados pelos contribuintes. No entanto, quem n\u00e3o recebeu o carn\u00ea, poder\u00e1 fazer a emiss\u00e3o da segunda via pelo site da Prefeitura (www.cotia.sp.gov.br), basta acessar o \u2018Portal de Servi\u00e7os\u2019, procurar clicar em \u2018Fazenda\u2019 e abrir \u2018IPTU 2025 \u2013 emiss\u00e3o da 2\u00aa via\u2019.<\/p>\n\n\n\n<p>Fonte: Jornal Cotia Agora \/ Foto: Divulga\u00e7\u00e3o<\/p>\n\n\n\n<p><a href=\"https:\/\/jornalcotiaagora.com.br\/termina-nesta-semana-o-vencimento-da-1a-parcela-e-unica-do-iptu-de-cotia\/\"><\/a><\/p>\n","protected":false},"excerpt":{"rendered":"<p>A Prefeitura de Cotia prorrogou a data de vencimento da parcela \u00fanica do IPTU 2025 (com 10% de desconto) e da primeira parcela, que venceriam em 20 de janeiro e o prazo final \u00e9 para a pr\u00f3xima sexta-feira (14). A mudan\u00e7a se deu por conta de instabilidade no sistema de emiss\u00e3o da 2\u00aa via do &hellip; <\/p>\n","protected":false},"author":1,"featured_media":36329,"comment_status":"open","ping_status":"open","sticky":false,"template":"","format":"standard","meta":{"footnotes":""},"categories":[4],"tags":[],"class_list":["post-36328","post","type-post","status-publish","format-standard","has-post-thumbnail","hentry","category-noticias"],"_links":{"self":[{"href":"https:\/\/radioimprensa.com.br\/index.php\/wp-json\/wp\/v2\/posts\/36328","targetHints":{"allow":["GET"]}}],"collection":[{"href":"https:\/\/radioimprensa.com.br\/index.php\/wp-json\/wp\/v2\/posts"}],"about":[{"href":"https:\/\/radioimprensa.com.br\/index.php\/wp-json\/wp\/v2\/types\/post"}],"author":[{"embeddable":true,"href":"https:\/\/radioimprensa.com.br\/index.php\/wp-json\/wp\/v2\/users\/1"}],"replies":[{"embeddable":true,"href":"https:\/\/radioimprensa.com.br\/index.php\/wp-json\/wp\/v2\/comments?post=36328"}],"version-history":[{"count":1,"href":"https:\/\/radioimprensa.com.br\/index.php\/wp-json\/wp\/v2\/posts\/36328\/revisions"}],"predecessor-version":[{"id":36330,"href":"https:\/\/radioimprensa.com.br\/index.php\/wp-json\/wp\/v2\/posts\/36328\/revisions\/36330"}],"wp:featuredmedia":[{"embeddable":true,"href":"https:\/\/radioimprensa.com.br\/index.php\/wp-json\/wp\/v2\/media\/36329"}],"wp:attachment":[{"href":"https:\/\/radioimprensa.com.br\/index.php\/wp-json\/wp\/v2\/media?parent=36328"}],"wp:term":[{"taxonomy":"category","embeddable":true,"href":"https:\/\/radioimprensa.com.br\/index.php\/wp-json\/wp\/v2\/categories?post=36328"},{"taxonomy":"post_tag","embeddable":true,"href":"https:\/\/radioimprensa.com.br\/index.php\/wp-json\/wp\/v2\/tags?post=36328"}],"curies":[{"name":"wp","href":"https:\/\/api.w.org\/{rel}","templated":true}]}}