{"id":36339,"date":"2025-02-18T10:05:39","date_gmt":"2025-02-18T13:05:39","guid":{"rendered":"https:\/\/radioimprensa.com.br\/?p=36339"},"modified":"2025-02-18T10:05:41","modified_gmt":"2025-02-18T13:05:41","slug":"edp-faz-trabalho-de-organizacao-de-fios-em-mogi-das-cruzes","status":"publish","type":"post","link":"https:\/\/radioimprensa.com.br\/index.php\/2025\/02\/18\/edp-faz-trabalho-de-organizacao-de-fios-em-mogi-das-cruzes\/","title":{"rendered":"EDP faz trabalho de organiza\u00e7\u00e3o de fios, em Mogi das Cruzes"},"content":{"rendered":"\n<p>A\u00a0EDP, distribuidora de energia el\u00e9trica da regi\u00e3o do\u00a0Alto Tiet\u00ea, deu in\u00edcio, neste m\u00eas, a um trabalho de organiza\u00e7\u00e3o da fia\u00e7\u00e3o a\u00e9rea em\u00a0Mogi das Cruzes, com a retirada de fios de telecomunica\u00e7\u00e3o irregulares ou ca\u00eddos dos postes.<\/p>\n\n\n\n<p>Os servi\u00e7os, que foram iniciados no distrito de\u00a0Cezar de Souza, chegaram, nesta segunda quinzena de fevereiro, \u00e0 regi\u00e3o central da cidade. Na \u00faltima sexta-feira (14), a a\u00e7\u00e3o come\u00e7ou a ser realizada na rua Hamilton da Silva e Costa. Outras regi\u00f5es de Mogi devem ser atendidas nos pr\u00f3ximos meses.<\/p>\n\n\n\n<p>De acordo com a\u00a0Prefeitura de Mogi das Cruzes, a intensifica\u00e7\u00e3o das a\u00e7\u00f5es para organiza\u00e7\u00e3o da fia\u00e7\u00e3o a\u00e9rea foi uma solicita\u00e7\u00e3o da prefeita Mara Bertaiolli \u00e0 EDP, com o objetivo de aumentar a seguran\u00e7a da popula\u00e7\u00e3o e diminuir a polui\u00e7\u00e3o visual na cidade.<\/p>\n\n\n\n<p>Fonte: Not\u00edcias de Mogi \/ Foto: Divulga\u00e7\u00e3o via Not\u00edcias de Mogi<\/p>\n\n\n\n<p><a href=\"https:\/\/noticiasdemogi.com.br\/856-mil-familias-do-alto-tiete-tem-direito-a-desconto-na-conta-de-luz-mas-nao-o-utilizam\/\" target=\"_blank\" rel=\"noreferrer noopener\"><\/a><\/p>\n","protected":false},"excerpt":{"rendered":"<p>A\u00a0EDP, distribuidora de energia el\u00e9trica da regi\u00e3o do\u00a0Alto Tiet\u00ea, deu in\u00edcio, neste m\u00eas, a um trabalho de organiza\u00e7\u00e3o da fia\u00e7\u00e3o a\u00e9rea em\u00a0Mogi das Cruzes, com a retirada de fios de telecomunica\u00e7\u00e3o irregulares ou ca\u00eddos dos postes. Os servi\u00e7os, que foram iniciados no distrito de\u00a0Cezar de Souza, chegaram, nesta segunda quinzena de fevereiro, \u00e0 regi\u00e3o central &hellip; <\/p>\n","protected":false},"author":1,"featured_media":36340,"comment_status":"open","ping_status":"open","sticky":false,"template":"","format":"standard","meta":{"footnotes":""},"categories":[4],"tags":[],"class_list":["post-36339","post","type-post","status-publish","format-standard","has-post-thumbnail","hentry","category-noticias"],"_links":{"self":[{"href":"https:\/\/radioimprensa.com.br\/index.php\/wp-json\/wp\/v2\/posts\/36339","targetHints":{"allow":["GET"]}}],"collection":[{"href":"https:\/\/radioimprensa.com.br\/index.php\/wp-json\/wp\/v2\/posts"}],"about":[{"href":"https:\/\/radioimprensa.com.br\/index.php\/wp-json\/wp\/v2\/types\/post"}],"author":[{"embeddable":true,"href":"https:\/\/radioimprensa.com.br\/index.php\/wp-json\/wp\/v2\/users\/1"}],"replies":[{"embeddable":true,"href":"https:\/\/radioimprensa.com.br\/index.php\/wp-json\/wp\/v2\/comments?post=36339"}],"version-history":[{"count":1,"href":"https:\/\/radioimprensa.com.br\/index.php\/wp-json\/wp\/v2\/posts\/36339\/revisions"}],"predecessor-version":[{"id":36341,"href":"https:\/\/radioimprensa.com.br\/index.php\/wp-json\/wp\/v2\/posts\/36339\/revisions\/36341"}],"wp:featuredmedia":[{"embeddable":true,"href":"https:\/\/radioimprensa.com.br\/index.php\/wp-json\/wp\/v2\/media\/36340"}],"wp:attachment":[{"href":"https:\/\/radioimprensa.com.br\/index.php\/wp-json\/wp\/v2\/media?parent=36339"}],"wp:term":[{"taxonomy":"category","embeddable":true,"href":"https:\/\/radioimprensa.com.br\/index.php\/wp-json\/wp\/v2\/categories?post=36339"},{"taxonomy":"post_tag","embeddable":true,"href":"https:\/\/radioimprensa.com.br\/index.php\/wp-json\/wp\/v2\/tags?post=36339"}],"curies":[{"name":"wp","href":"https:\/\/api.w.org\/{rel}","templated":true}]}}