{"id":36363,"date":"2025-02-26T11:25:02","date_gmt":"2025-02-26T14:25:02","guid":{"rendered":"https:\/\/radioimprensa.com.br\/?p=36363"},"modified":"2025-02-26T11:25:04","modified_gmt":"2025-02-26T14:25:04","slug":"bahia-avanca-para-a-terceira-fase-previa-da-libertadores","status":"publish","type":"post","link":"https:\/\/radioimprensa.com.br\/index.php\/2025\/02\/26\/bahia-avanca-para-a-terceira-fase-previa-da-libertadores\/","title":{"rendered":"Bahia avan\u00e7a para a terceira fase pr\u00e9via da Libertadores"},"content":{"rendered":"\n<p>O Bahia derrotou o The Strongest (Bol\u00edvia) por 3 a 0, na noite desta ter\u00e7a-feira (25) na Arena Fonte Nova, em Salvador, e garantiu a classifica\u00e7\u00e3o para a terceira fase pr\u00e9via da Copa Libertadores, a \u00faltima antes da fase de grupos da competi\u00e7\u00e3o continental.<\/p>\n\n\n\n<p>A vaga foi confirmada porque o Tricolor Baiano havia ficado no 1 a 1 no confronto de ida, disputado na \u00faltima ter\u00e7a-feira (18) no est\u00e1dio Hernando Siles, que fica localizado nos 3.640 metros de altitude da cidade de La Paz.<\/p>\n\n\n\n<p>Empurrado por mais de 45 mil torcedores, o Bahia abriu o placar aos 39 minutos do primeiro tempo, com o atacante uruguaio Lucho Rodr\u00edguez em cobran\u00e7a de p\u00eanalti. Cinco minutos depois a miss\u00e3o da equipe brasileira ficou ainda mais simples, ap\u00f3s o The Strongest ficar com um homem a menos, gra\u00e7as \u00e0 expuls\u00e3o do zagueiro Jusino.<\/p>\n\n\n\n<p>Diante de um advers\u00e1rio com menor qualidade t\u00e9cnica e com inferioridade num\u00e9rica, a equipe comandada pelo t\u00e9cnico Rog\u00e9rio Ceni n\u00e3o encontrou dificuldades para confirmar a vit\u00f3ria na etapa final gra\u00e7as a dois gols do atacante Ademir, aos 2 e aos 17 minutos.<\/p>\n\n\n\n<p>Fonte: Ag\u00eancia Brasil \/ Foto: Divulga\u00e7\u00e3o, CONMEBOL<img decoding=\"async\" src=\"https:\/\/agenciabrasil.ebc.com.br\/ebc.png?id=1631918&amp;o=node\"><img decoding=\"async\" src=\"https:\/\/agenciabrasil.ebc.com.br\/ebc.gif?id=1631918&amp;o=node\"><\/p>\n","protected":false},"excerpt":{"rendered":"<p>O Bahia derrotou o The Strongest (Bol\u00edvia) por 3 a 0, na noite desta ter\u00e7a-feira (25) na Arena Fonte Nova, em Salvador, e garantiu a classifica\u00e7\u00e3o para a terceira fase pr\u00e9via da Copa Libertadores, a \u00faltima antes da fase de grupos da competi\u00e7\u00e3o continental. A vaga foi confirmada porque o Tricolor Baiano havia ficado no &hellip; <\/p>\n","protected":false},"author":1,"featured_media":36364,"comment_status":"open","ping_status":"open","sticky":false,"template":"","format":"standard","meta":{"footnotes":""},"categories":[4],"tags":[],"class_list":["post-36363","post","type-post","status-publish","format-standard","has-post-thumbnail","hentry","category-noticias"],"_links":{"self":[{"href":"https:\/\/radioimprensa.com.br\/index.php\/wp-json\/wp\/v2\/posts\/36363","targetHints":{"allow":["GET"]}}],"collection":[{"href":"https:\/\/radioimprensa.com.br\/index.php\/wp-json\/wp\/v2\/posts"}],"about":[{"href":"https:\/\/radioimprensa.com.br\/index.php\/wp-json\/wp\/v2\/types\/post"}],"author":[{"embeddable":true,"href":"https:\/\/radioimprensa.com.br\/index.php\/wp-json\/wp\/v2\/users\/1"}],"replies":[{"embeddable":true,"href":"https:\/\/radioimprensa.com.br\/index.php\/wp-json\/wp\/v2\/comments?post=36363"}],"version-history":[{"count":1,"href":"https:\/\/radioimprensa.com.br\/index.php\/wp-json\/wp\/v2\/posts\/36363\/revisions"}],"predecessor-version":[{"id":36365,"href":"https:\/\/radioimprensa.com.br\/index.php\/wp-json\/wp\/v2\/posts\/36363\/revisions\/36365"}],"wp:featuredmedia":[{"embeddable":true,"href":"https:\/\/radioimprensa.com.br\/index.php\/wp-json\/wp\/v2\/media\/36364"}],"wp:attachment":[{"href":"https:\/\/radioimprensa.com.br\/index.php\/wp-json\/wp\/v2\/media?parent=36363"}],"wp:term":[{"taxonomy":"category","embeddable":true,"href":"https:\/\/radioimprensa.com.br\/index.php\/wp-json\/wp\/v2\/categories?post=36363"},{"taxonomy":"post_tag","embeddable":true,"href":"https:\/\/radioimprensa.com.br\/index.php\/wp-json\/wp\/v2\/tags?post=36363"}],"curies":[{"name":"wp","href":"https:\/\/api.w.org\/{rel}","templated":true}]}}