{"id":36366,"date":"2025-02-26T11:29:16","date_gmt":"2025-02-26T14:29:16","guid":{"rendered":"https:\/\/radioimprensa.com.br\/?p=36366"},"modified":"2025-02-26T11:29:17","modified_gmt":"2025-02-26T14:29:17","slug":"der-sp-interdita-ponte-entre-santos-e-cubatao-por-risco-em-estrutura","status":"publish","type":"post","link":"https:\/\/radioimprensa.com.br\/index.php\/2025\/02\/26\/der-sp-interdita-ponte-entre-santos-e-cubatao-por-risco-em-estrutura\/","title":{"rendered":"DER-SP interdita ponte entre Santos e Cubat\u00e3o por risco em estrutura"},"content":{"rendered":"\n<p>Ap\u00f3s vistoria t\u00e9cnica, equipe do DER-SP constatou a necessidade de interditar a ponte sobre o rio Casqueiro, na divisa de Santos e Cubat\u00e3o. A a\u00e7\u00e3o faz parte da campanha sistem\u00e1tica de inspe\u00e7\u00e3o de pontes, viadutos e t\u00faneis iniciada pela atual gest\u00e3o. O objetivo da interdi\u00e7\u00e3o, em vigor desde a segunda-feira (24), \u00e9 garantir a seguran\u00e7a dos motoristas, ciclistas e pedestres que circulam diariamente pelo trecho.<\/p>\n\n\n\n<p>No caso da ponte sobre o rio Casqueiro, foi verificada instabilidade. As pr\u00f3ximas a\u00e7\u00f5es ser\u00e3o a inspe\u00e7\u00e3o de toda a infraestrutura, para conclus\u00e3o do diagn\u00f3stico, seguida da indica\u00e7\u00e3o das a\u00e7\u00f5es a serem tomadas para solucionar o problema no menor prazo poss\u00edvel, quando a tr\u00e1fego ser\u00e1 novamente autorizado, garantindo assim a seguran\u00e7a de todos.<\/p>\n\n\n\n<p>Ap\u00f3s inspe\u00e7\u00e3o subaqu\u00e1tica, o Departamento constatou um deslocamento da funda\u00e7\u00e3o da ponte, com risco significativo \u00e0 estabilidade da estrutura, o que tornou necess\u00e1ria a interdi\u00e7\u00e3o total do tr\u00e1fego de ve\u00edculos. O DER-SP ressalta que os moradores locais poder\u00e3o continuar a utilizar o transporte coletivo urbano, pois existem pontos de embarque e desembarque instalados nas duas extremidades da ponte.<\/p>\n\n\n\n<p><strong>Rotas alternativas<\/strong><\/p>\n\n\n\n<p><strong>Santos para Cubat\u00e3o<\/strong><\/p>\n\n\n\n<ul class=\"wp-block-list\">\n<li>A partir de Santos, na SP 148, altura do km 59+500 (Jd. Piratininga), acessar a SP 150 (via Anchieta). Em seguida, acessar o retorno, na altura do km 60, acessando a SP 148 at\u00e9 a Vila dos Pescadores (Cubat\u00e3o).<\/li>\n<\/ul>\n\n\n\n<h4 class=\"wp-block-heading\">Cubat\u00e3o para Santos<\/h4>\n\n\n\n<ul class=\"wp-block-list\">\n<li>A partir da Vila dos Pescadores (Cubat\u00e3o), em dire\u00e7\u00e3o a Santos, seguir pela SP 148, sentido de Cubat\u00e3o, acessar o retorno, no km 57+000. Em seguida, acessar o Viaduto Rubens Paiva, acessando a marginal direita da Via Anchieta, sentido de Santos, at\u00e9 a ponte Deputada Federal Mari\u00e2ngela Duarte, fazendo o retorno para acessar novamente a SP 148, at\u00e9 o bairro Piratininga.<\/li>\n<\/ul>\n\n\n\n<p>Fonte: Ag\u00eancia SP \/ Foto: Divulga\u00e7\u00e3o, GovSP<\/p>\n","protected":false},"excerpt":{"rendered":"<p>Ap\u00f3s vistoria t\u00e9cnica, equipe do DER-SP constatou a necessidade de interditar a ponte sobre o rio Casqueiro, na divisa de Santos e Cubat\u00e3o. A a\u00e7\u00e3o faz parte da campanha sistem\u00e1tica de inspe\u00e7\u00e3o de pontes, viadutos e t\u00faneis iniciada pela atual gest\u00e3o. O objetivo da interdi\u00e7\u00e3o, em vigor desde a segunda-feira (24), \u00e9 garantir a seguran\u00e7a &hellip; <\/p>\n","protected":false},"author":1,"featured_media":36367,"comment_status":"open","ping_status":"open","sticky":false,"template":"","format":"standard","meta":{"footnotes":""},"categories":[4],"tags":[],"class_list":["post-36366","post","type-post","status-publish","format-standard","has-post-thumbnail","hentry","category-noticias"],"_links":{"self":[{"href":"https:\/\/radioimprensa.com.br\/index.php\/wp-json\/wp\/v2\/posts\/36366","targetHints":{"allow":["GET"]}}],"collection":[{"href":"https:\/\/radioimprensa.com.br\/index.php\/wp-json\/wp\/v2\/posts"}],"about":[{"href":"https:\/\/radioimprensa.com.br\/index.php\/wp-json\/wp\/v2\/types\/post"}],"author":[{"embeddable":true,"href":"https:\/\/radioimprensa.com.br\/index.php\/wp-json\/wp\/v2\/users\/1"}],"replies":[{"embeddable":true,"href":"https:\/\/radioimprensa.com.br\/index.php\/wp-json\/wp\/v2\/comments?post=36366"}],"version-history":[{"count":1,"href":"https:\/\/radioimprensa.com.br\/index.php\/wp-json\/wp\/v2\/posts\/36366\/revisions"}],"predecessor-version":[{"id":36368,"href":"https:\/\/radioimprensa.com.br\/index.php\/wp-json\/wp\/v2\/posts\/36366\/revisions\/36368"}],"wp:featuredmedia":[{"embeddable":true,"href":"https:\/\/radioimprensa.com.br\/index.php\/wp-json\/wp\/v2\/media\/36367"}],"wp:attachment":[{"href":"https:\/\/radioimprensa.com.br\/index.php\/wp-json\/wp\/v2\/media?parent=36366"}],"wp:term":[{"taxonomy":"category","embeddable":true,"href":"https:\/\/radioimprensa.com.br\/index.php\/wp-json\/wp\/v2\/categories?post=36366"},{"taxonomy":"post_tag","embeddable":true,"href":"https:\/\/radioimprensa.com.br\/index.php\/wp-json\/wp\/v2\/tags?post=36366"}],"curies":[{"name":"wp","href":"https:\/\/api.w.org\/{rel}","templated":true}]}}