{"id":36495,"date":"2025-03-20T11:16:20","date_gmt":"2025-03-20T14:16:20","guid":{"rendered":"https:\/\/radioimprensa.com.br\/?p=36495"},"modified":"2025-03-20T11:16:22","modified_gmt":"2025-03-20T14:16:22","slug":"outono-comeca-com-previsao-de-temperaturas-acima-de-media","status":"publish","type":"post","link":"https:\/\/radioimprensa.com.br\/index.php\/2025\/03\/20\/outono-comeca-com-previsao-de-temperaturas-acima-de-media\/","title":{"rendered":"Outono come\u00e7a com previs\u00e3o de temperaturas acima de m\u00e9dia"},"content":{"rendered":"\n<p>O outono \u00e9 considerado por muitos como a esta\u00e7\u00e3o mais bonita do ano com c\u00e9u azul intenso, temperaturas mais agrad\u00e1veis que o ver\u00e3o e uma bela luminosidade.\u00a0O outono no Brasil come\u00e7ou nesta quinta-feira (20), \u00e0 6h01 e termina no dia 20 de junho, \u00e0s 23h42min (hor\u00e1rio de Bras\u00edlia). \u00a0<img decoding=\"async\" src=\"https:\/\/agenciabrasil.ebc.com.br\/ebc.png?id=1635300&amp;o=node\"><img decoding=\"async\" src=\"https:\/\/agenciabrasil.ebc.com.br\/ebc.gif?id=1635300&amp;o=node\"><\/p>\n\n\n\n<p>O outono \u00e9\u00a0uma esta\u00e7\u00e3o considerada de transi\u00e7\u00e3o entre o ver\u00e3o quente e \u00famido e o inverno frio e seco, principalmente no Brasil Central. Neste per\u00edodo, as\u00a0chuvas s\u00e3o mais escassas no interior do Brasil, em particular no semi\u00e1rido nordestino<\/p>\n\n\n\n<p>Segundo o progn\u00f3stico clim\u00e1tico da esta\u00e7\u00e3o produzido pelo Instituto Nacional de Meteorologia (Inmet), \u00f3rg\u00e3o do Minist\u00e9rio da Agricultura e Pecu\u00e1ria, em parceria com o Instituto Nacional de Pesquisas Espaciais (Inpe),\u00a0nas regi\u00f5es Norte e Nordeste ainda s\u00e3o registrados volumes importantes de chuva, em associa\u00e7\u00e3o a atividade convectiva tropical e atua\u00e7\u00e3o da Zona de Converg\u00eancia Intertropical (ZCIT).<\/p>\n\n\n\n<p>A esta\u00e7\u00e3o tamb\u00e9m \u00e9 caracterizada por incurs\u00f5es de\u00a0massas de ar frio oriundas do sul do continente que provocam o decl\u00ednio das temperaturas do ar, principalmente na Regi\u00e3o Sul e parte da Regi\u00e3o Sudeste.<\/p>\n\n\n\n<p>Durante o outono, observam-se as\u00a0primeiras ocorr\u00eancias de fen\u00f4menos adversos, t\u00edpicos do per\u00edodo, como\u00a0nevoeiros nas regi\u00f5es Sul, Sudeste e Centro-Oeste; geadas nas regi\u00f5es Sul e Sudeste e em Mato Grosso do Sul; neve nas \u00e1reas serranas e nos planaltos da Regi\u00e3o Sul e friagem no sul da Regi\u00e3o Norte e nos estados de Mato Grosso do Sul e Mato Grosso\u00a0e at\u00e9 mesmo no sul de Goi\u00e1s.<\/p>\n\n\n\n<h4 class=\"wp-block-heading\">Regi\u00e3o Sudeste<\/h4>\n\n\n\n<p>A previs\u00e3o para o outono indica predom\u00ednio de\u00a0chuvas abaixo da m\u00e9dia hist\u00f3rica em toda a regi\u00e3o. Contudo, n\u00e3o se descartam eventos de chuvas intensas na por\u00e7\u00e3o leste da regi\u00e3o, devido a passagem de sistemas frontais sobre o oceano, que podem provocar\u00a0instabilidades para estas \u00e1reas.<\/p>\n\n\n\n<p>Para a temperatura, as previs\u00f5es indicam valores acima da m\u00e9dia hist\u00f3rica nos pr\u00f3ximos meses. No entanto, h\u00e1 a possibilidade de incurs\u00f5es de massas de ar frio nos pr\u00f3ximos meses, que poder\u00e3o provocar queda nas temperaturas, especialmente em regi\u00f5es de maior altitude.<\/p>\n\n\n\n<p>Fonte: Ag\u00eancia Brasil \/ Foto: Paulo Pinto, Ag\u00eancia Brasil<\/p>\n","protected":false},"excerpt":{"rendered":"<p>O outono \u00e9 considerado por muitos como a esta\u00e7\u00e3o mais bonita do ano com c\u00e9u azul intenso, temperaturas mais agrad\u00e1veis que o ver\u00e3o e uma bela luminosidade.\u00a0O outono no Brasil come\u00e7ou nesta quinta-feira (20), \u00e0 6h01 e termina no dia 20 de junho, \u00e0s 23h42min (hor\u00e1rio de Bras\u00edlia). \u00a0 O outono \u00e9\u00a0uma esta\u00e7\u00e3o considerada de &hellip; <\/p>\n","protected":false},"author":1,"featured_media":36496,"comment_status":"open","ping_status":"open","sticky":false,"template":"","format":"standard","meta":{"footnotes":""},"categories":[4],"tags":[],"class_list":["post-36495","post","type-post","status-publish","format-standard","has-post-thumbnail","hentry","category-noticias"],"_links":{"self":[{"href":"https:\/\/radioimprensa.com.br\/index.php\/wp-json\/wp\/v2\/posts\/36495","targetHints":{"allow":["GET"]}}],"collection":[{"href":"https:\/\/radioimprensa.com.br\/index.php\/wp-json\/wp\/v2\/posts"}],"about":[{"href":"https:\/\/radioimprensa.com.br\/index.php\/wp-json\/wp\/v2\/types\/post"}],"author":[{"embeddable":true,"href":"https:\/\/radioimprensa.com.br\/index.php\/wp-json\/wp\/v2\/users\/1"}],"replies":[{"embeddable":true,"href":"https:\/\/radioimprensa.com.br\/index.php\/wp-json\/wp\/v2\/comments?post=36495"}],"version-history":[{"count":1,"href":"https:\/\/radioimprensa.com.br\/index.php\/wp-json\/wp\/v2\/posts\/36495\/revisions"}],"predecessor-version":[{"id":36497,"href":"https:\/\/radioimprensa.com.br\/index.php\/wp-json\/wp\/v2\/posts\/36495\/revisions\/36497"}],"wp:featuredmedia":[{"embeddable":true,"href":"https:\/\/radioimprensa.com.br\/index.php\/wp-json\/wp\/v2\/media\/36496"}],"wp:attachment":[{"href":"https:\/\/radioimprensa.com.br\/index.php\/wp-json\/wp\/v2\/media?parent=36495"}],"wp:term":[{"taxonomy":"category","embeddable":true,"href":"https:\/\/radioimprensa.com.br\/index.php\/wp-json\/wp\/v2\/categories?post=36495"},{"taxonomy":"post_tag","embeddable":true,"href":"https:\/\/radioimprensa.com.br\/index.php\/wp-json\/wp\/v2\/tags?post=36495"}],"curies":[{"name":"wp","href":"https:\/\/api.w.org\/{rel}","templated":true}]}}