{"id":36542,"date":"2025-03-24T11:05:27","date_gmt":"2025-03-24T14:05:27","guid":{"rendered":"https:\/\/radioimprensa.com.br\/?p=36542"},"modified":"2025-03-24T11:05:29","modified_gmt":"2025-03-24T14:05:29","slug":"receita-federal-abre-consultas-a-mais-um-lote-da-malha-fina-do-ir","status":"publish","type":"post","link":"https:\/\/radioimprensa.com.br\/index.php\/2025\/03\/24\/receita-federal-abre-consultas-a-mais-um-lote-da-malha-fina-do-ir\/","title":{"rendered":"Receita Federal abre consultas a mais um lote da malha fina do IR"},"content":{"rendered":"\n<p>Cerca de 120 mil contribuintes que ca\u00edram na malha fina e regularizaram as pend\u00eancias com o Fisco podem saber se receber\u00e3o a restitui\u00e7\u00e3o.\u00a0\u00c0s 10h desta segunda-feira (24), a Receita Federal libera a consulta ao lote da malha fina de fevereiro. O lote tamb\u00e9m contempla restitui\u00e7\u00f5es residuais de anos anteriores.<img decoding=\"async\" src=\"https:\/\/agenciabrasil.ebc.com.br\/ebc.png?id=1635690&amp;o=node\"><img decoding=\"async\" src=\"https:\/\/agenciabrasil.ebc.com.br\/ebc.gif?id=1635690&amp;o=node\"><\/p>\n\n\n\n<p>Ao todo, 120.039 contribuintes receber\u00e3o R$ 253,88 milh\u00f5es. Desse total, R$ 168,86 milh\u00f5es ir\u00e3o para contribuintes com prioridade no reembolso.<\/p>\n\n\n\n<p>Em rela\u00e7\u00e3o \u00e0 lista de prioridades, a maior parte, 75.790 contribuintes, informou a chave Pix do tipo Cadastro de Pessoas F\u00edsicas (CPF) na declara\u00e7\u00e3o do Imposto de Renda ou usou a declara\u00e7\u00e3o pr\u00e9-preenchida. Desde 2023, a informa\u00e7\u00e3o da chave Pix d\u00e1 prioridade no recebimento.<\/p>\n\n\n\n<p>Em segundo, h\u00e1 16.215 contribuintes entre 60 e 79 anos. Em terceiro, v\u00eam 4.013 contribuintes cuja maior fonte de renda seja o magist\u00e9rio. O restante dos contribuintes priorit\u00e1rios \u00e9 formado por&nbsp;3.163 idosos acima de 80 anos e 2.405 contribuintes com alguma defici\u00eancia f\u00edsica ou mental ou mol\u00e9stia grave.<\/p>\n\n\n\n<p>A lista \u00e9 conclu\u00edda com 18.453 contribuintes que n\u00e3o informaram a chave Pix e n\u00e3o se encaixam em nenhuma das categorias de prioridades legais.<\/p>\n\n\n\n<p>A consulta pode ser feita na\u00a0p\u00e1gina da Receita Federal na internet.\u00a0Basta o contribuinte clicar em \u201cMeu Imposto de Renda\u201d e, em seguida, no bot\u00e3o \u201cConsultar a Restitui\u00e7\u00e3o\u201d. Tamb\u00e9m \u00e9 poss\u00edvel fazer a consulta no aplicativo da Receita Federal para tablets e smartphones.<\/p>\n\n\n\n<p>O pagamento ser\u00e1 feito em 31 de mar\u00e7o, na conta ou na chave Pix do tipo CPF informada na declara\u00e7\u00e3o do Imposto de Renda. Caso o contribuinte n\u00e3o esteja na lista, dever\u00e1 entrar no\u00a0Centro Virtual de Atendimento ao Contribuinte (e-CAC)\u00a0e tirar o extrato da declara\u00e7\u00e3o. Se verificar pend\u00eancia, pode enviar declara\u00e7\u00e3o retificadora e esperar os pr\u00f3ximos lotes da malha fina.<\/p>\n\n\n\n<p>Fonte: Ag\u00eancia Brasil \/ Foto: Ag\u00eancia Brasil<\/p>\n","protected":false},"excerpt":{"rendered":"<p>Cerca de 120 mil contribuintes que ca\u00edram na malha fina e regularizaram as pend\u00eancias com o Fisco podem saber se receber\u00e3o a restitui\u00e7\u00e3o.\u00a0\u00c0s 10h desta segunda-feira (24), a Receita Federal libera a consulta ao lote da malha fina de fevereiro. O lote tamb\u00e9m contempla restitui\u00e7\u00f5es residuais de anos anteriores. Ao todo, 120.039 contribuintes receber\u00e3o R$ &hellip; <\/p>\n","protected":false},"author":1,"featured_media":22796,"comment_status":"open","ping_status":"open","sticky":false,"template":"","format":"standard","meta":{"footnotes":""},"categories":[4],"tags":[],"class_list":["post-36542","post","type-post","status-publish","format-standard","has-post-thumbnail","hentry","category-noticias"],"_links":{"self":[{"href":"https:\/\/radioimprensa.com.br\/index.php\/wp-json\/wp\/v2\/posts\/36542","targetHints":{"allow":["GET"]}}],"collection":[{"href":"https:\/\/radioimprensa.com.br\/index.php\/wp-json\/wp\/v2\/posts"}],"about":[{"href":"https:\/\/radioimprensa.com.br\/index.php\/wp-json\/wp\/v2\/types\/post"}],"author":[{"embeddable":true,"href":"https:\/\/radioimprensa.com.br\/index.php\/wp-json\/wp\/v2\/users\/1"}],"replies":[{"embeddable":true,"href":"https:\/\/radioimprensa.com.br\/index.php\/wp-json\/wp\/v2\/comments?post=36542"}],"version-history":[{"count":1,"href":"https:\/\/radioimprensa.com.br\/index.php\/wp-json\/wp\/v2\/posts\/36542\/revisions"}],"predecessor-version":[{"id":36543,"href":"https:\/\/radioimprensa.com.br\/index.php\/wp-json\/wp\/v2\/posts\/36542\/revisions\/36543"}],"wp:featuredmedia":[{"embeddable":true,"href":"https:\/\/radioimprensa.com.br\/index.php\/wp-json\/wp\/v2\/media\/22796"}],"wp:attachment":[{"href":"https:\/\/radioimprensa.com.br\/index.php\/wp-json\/wp\/v2\/media?parent=36542"}],"wp:term":[{"taxonomy":"category","embeddable":true,"href":"https:\/\/radioimprensa.com.br\/index.php\/wp-json\/wp\/v2\/categories?post=36542"},{"taxonomy":"post_tag","embeddable":true,"href":"https:\/\/radioimprensa.com.br\/index.php\/wp-json\/wp\/v2\/tags?post=36542"}],"curies":[{"name":"wp","href":"https:\/\/api.w.org\/{rel}","templated":true}]}}