{"id":36569,"date":"2025-03-29T10:36:20","date_gmt":"2025-03-29T13:36:20","guid":{"rendered":"https:\/\/radioimprensa.com.br\/?p=36569"},"modified":"2025-03-29T10:37:31","modified_gmt":"2025-03-29T13:37:31","slug":"comissao-no-senado-debatera-tempo-de-descanso-dos-caminhoneiros","status":"publish","type":"post","link":"https:\/\/radioimprensa.com.br\/index.php\/2025\/03\/29\/comissao-no-senado-debatera-tempo-de-descanso-dos-caminhoneiros\/","title":{"rendered":"Senado debater\u00e1 sobre tempo de descanso dos caminhoneiros"},"content":{"rendered":"\n<p>A Comiss\u00e3o de Infraestrutura do Senado, em Bras\u00edlia, far\u00e1 na ter\u00e7a-feira (1\u00ba), a partir das 9h, uma audi\u00eancia p\u00fablica para debater o descanso de caminhoneiros previsto em lei.<\/p>\n\n\n\n<p>O debate foi solicitado pelo senador Esperidi\u00e3o Amin (PP-SC) por meio do requerimento REQ 11\/2025-CI.<\/p>\n\n\n\n<p>Em seu requerimento, o senador afirma que h\u00e1 uma contradi\u00e7\u00e3o entre o que a legisla\u00e7\u00e3o e o Estado exigem \u2014 que caminhoneiros e outros motoristas profissionais que dirigem em rodovias descansem durante seu trabalho \u2014 com as condi\u00e7\u00f5es pr\u00e1ticas oferecidas para que isso seja poss\u00edvel.<\/p>\n\n\n\n<p>&#8220;Ao mesmo tempo em que o Estado determina a obrigatoriedade do\u00a0descanso, o que \u00e9 correto ao pensarmos na seguran\u00e7a do motorista, \u00e9 preciso garantir os meios para que o motorista profissional possa descansar com a devida\u00a0seguran\u00e7a e o m\u00ednimo de conforto&#8221;, ressalta. Ele reitera que h\u00e1 uma &#8220;precariedade da infraestrutura de pontos de repouso e descanso nas rodovias do pa\u00eds&#8221;.<\/p>\n\n\n\n<p>Al\u00e9m disso, ele destaca que &#8220;os caminhoneiros sofrem com a aplica\u00e7\u00e3o de multas e penalidades&nbsp;administrativas, como a reten\u00e7\u00e3o do ve\u00edculo. A falta de infraestrutura de&nbsp;locais de descanso traz impactos negativos justamente \u00e0queles que deveriam&nbsp;ser beneficiados pela lei&#8221;.<\/p>\n\n\n\n<p>J\u00e1 confirmaram a participa\u00e7\u00e3o na audi\u00eancia Leonardo Silva Rodrigues, do Departamento Nacional de Infraestrutura de Transportes (DNIT); Diumar Bueno, da Confedera\u00e7\u00e3o Nacional dos Transportadores Aut\u00f4nomos (CNTA); Valdir de Souza Pestana, da Confedera\u00e7\u00e3o Nacional dos Trabalhadores em Transportes Terrestres (CNTTT); e S\u00e9rgio Jo\u00e3o Wildner, representante dos caminhoneiros de Santa Catarina.<\/p>\n\n\n\n<p>Fonte: Ag\u00eancia Senado \/ Foto: Gervasio Batista, Ag\u00eancia Brasil<\/p>\n","protected":false},"excerpt":{"rendered":"<p>A Comiss\u00e3o de Infraestrutura do Senado, em Bras\u00edlia, far\u00e1 na ter\u00e7a-feira (1\u00ba), a partir das 9h, uma audi\u00eancia p\u00fablica para debater o descanso de caminhoneiros previsto em lei. O debate foi solicitado pelo senador Esperidi\u00e3o Amin (PP-SC) por meio do requerimento REQ 11\/2025-CI. Em seu requerimento, o senador afirma que h\u00e1 uma contradi\u00e7\u00e3o entre o &hellip; <\/p>\n","protected":false},"author":1,"featured_media":26888,"comment_status":"open","ping_status":"open","sticky":false,"template":"","format":"standard","meta":{"footnotes":""},"categories":[4],"tags":[],"class_list":["post-36569","post","type-post","status-publish","format-standard","has-post-thumbnail","hentry","category-noticias"],"_links":{"self":[{"href":"https:\/\/radioimprensa.com.br\/index.php\/wp-json\/wp\/v2\/posts\/36569","targetHints":{"allow":["GET"]}}],"collection":[{"href":"https:\/\/radioimprensa.com.br\/index.php\/wp-json\/wp\/v2\/posts"}],"about":[{"href":"https:\/\/radioimprensa.com.br\/index.php\/wp-json\/wp\/v2\/types\/post"}],"author":[{"embeddable":true,"href":"https:\/\/radioimprensa.com.br\/index.php\/wp-json\/wp\/v2\/users\/1"}],"replies":[{"embeddable":true,"href":"https:\/\/radioimprensa.com.br\/index.php\/wp-json\/wp\/v2\/comments?post=36569"}],"version-history":[{"count":3,"href":"https:\/\/radioimprensa.com.br\/index.php\/wp-json\/wp\/v2\/posts\/36569\/revisions"}],"predecessor-version":[{"id":36572,"href":"https:\/\/radioimprensa.com.br\/index.php\/wp-json\/wp\/v2\/posts\/36569\/revisions\/36572"}],"wp:featuredmedia":[{"embeddable":true,"href":"https:\/\/radioimprensa.com.br\/index.php\/wp-json\/wp\/v2\/media\/26888"}],"wp:attachment":[{"href":"https:\/\/radioimprensa.com.br\/index.php\/wp-json\/wp\/v2\/media?parent=36569"}],"wp:term":[{"taxonomy":"category","embeddable":true,"href":"https:\/\/radioimprensa.com.br\/index.php\/wp-json\/wp\/v2\/categories?post=36569"},{"taxonomy":"post_tag","embeddable":true,"href":"https:\/\/radioimprensa.com.br\/index.php\/wp-json\/wp\/v2\/tags?post=36569"}],"curies":[{"name":"wp","href":"https:\/\/api.w.org\/{rel}","templated":true}]}}