{"id":36595,"date":"2025-04-03T11:23:53","date_gmt":"2025-04-03T14:23:53","guid":{"rendered":"https:\/\/radioimprensa.com.br\/?p=36595"},"modified":"2025-04-03T11:23:55","modified_gmt":"2025-04-03T14:23:55","slug":"sao-paulo-pode-ter-chuva-prevista-de-todo-o-mes-em-apenas-48h","status":"publish","type":"post","link":"https:\/\/radioimprensa.com.br\/index.php\/2025\/04\/03\/sao-paulo-pode-ter-chuva-prevista-de-todo-o-mes-em-apenas-48h\/","title":{"rendered":"S\u00e3o Paulo pode ter chuva prevista de todo o m\u00eas em apenas 48h"},"content":{"rendered":"\n<p>A cidade de\u00a0S\u00e3o Paulo\u00a0poder\u00e1 ter toda a\u00a0chuva\u00a0esperada para abril\u00a0entre esta quinta (3) e sexta-feira (4). Segundo a Climatempo, os acumulados devem somar 90 mil\u00edmetros, mais que a m\u00e9dia hist\u00f3rica calculada para o m\u00eas, de 87mm.<\/p>\n\n\n\n<p>O alerta n\u00e3o se limita \u00e0 capital: todo o estado tem previs\u00e3o de chuva acima da m\u00e9dia para os pr\u00f3ximos dois dias. As pancadas devem ser ainda mais intensas na regi\u00e3o litor\u00e2nea &#8211; em Ubatuba, por exemplo, pode chover at\u00e9 350mm.<\/p>\n\n\n\n<p>Al\u00e9m do litoral, o&nbsp;Vale do Para\u00edba, a Regi\u00e3o Metropolitana de S\u00e3o Paulo, Vale do Ribeira e as regi\u00f5es de Sorocaba, Campinas e Itapeva tamb\u00e9m devem&nbsp;ser mais afetadas pelas precipita\u00e7\u00f5es.<\/p>\n\n\n\n<p>As fortes pancadas de chuva ser\u00e3o impulsionadas pela passagem de uma frente fria, que tamb\u00e9m vai derrubar as temperaturas em todo o estado at\u00e9 o pr\u00f3ximo s\u00e1bado (5). Na capital, por exemplo, a expectativa \u00e9 que as m\u00ednimas fiquem em torno dos 15\u202f\u00b0C no fim de semana.<\/p>\n\n\n\n<p>A\u00a0\u00a0Defesa Civil do estado emitiu um alerta\u00a0para risco de alagamentos, deslizamentos de terra e outros transtornos, sobretudo em \u00e1reas vulner\u00e1veis. Al\u00e9m disso, o \u00f3rg\u00e3o comunicou a cria\u00e7\u00e3o de\u00a0comit\u00ea de emerg\u00eancia para\u00a0monitorar a situa\u00e7\u00e3o e coordenar a\u00e7\u00f5es preventivas.<\/p>\n\n\n\n<p>Fonte: IG \/ Foto: Rovena Rosa, Ag\u00eancia Brasil<\/p>\n","protected":false},"excerpt":{"rendered":"<p>A cidade de\u00a0S\u00e3o Paulo\u00a0poder\u00e1 ter toda a\u00a0chuva\u00a0esperada para abril\u00a0entre esta quinta (3) e sexta-feira (4). Segundo a Climatempo, os acumulados devem somar 90 mil\u00edmetros, mais que a m\u00e9dia hist\u00f3rica calculada para o m\u00eas, de 87mm. O alerta n\u00e3o se limita \u00e0 capital: todo o estado tem previs\u00e3o de chuva acima da m\u00e9dia para os pr\u00f3ximos &hellip; <\/p>\n","protected":false},"author":1,"featured_media":30322,"comment_status":"open","ping_status":"open","sticky":false,"template":"","format":"standard","meta":{"footnotes":""},"categories":[4],"tags":[],"class_list":["post-36595","post","type-post","status-publish","format-standard","has-post-thumbnail","hentry","category-noticias"],"_links":{"self":[{"href":"https:\/\/radioimprensa.com.br\/index.php\/wp-json\/wp\/v2\/posts\/36595","targetHints":{"allow":["GET"]}}],"collection":[{"href":"https:\/\/radioimprensa.com.br\/index.php\/wp-json\/wp\/v2\/posts"}],"about":[{"href":"https:\/\/radioimprensa.com.br\/index.php\/wp-json\/wp\/v2\/types\/post"}],"author":[{"embeddable":true,"href":"https:\/\/radioimprensa.com.br\/index.php\/wp-json\/wp\/v2\/users\/1"}],"replies":[{"embeddable":true,"href":"https:\/\/radioimprensa.com.br\/index.php\/wp-json\/wp\/v2\/comments?post=36595"}],"version-history":[{"count":1,"href":"https:\/\/radioimprensa.com.br\/index.php\/wp-json\/wp\/v2\/posts\/36595\/revisions"}],"predecessor-version":[{"id":36596,"href":"https:\/\/radioimprensa.com.br\/index.php\/wp-json\/wp\/v2\/posts\/36595\/revisions\/36596"}],"wp:featuredmedia":[{"embeddable":true,"href":"https:\/\/radioimprensa.com.br\/index.php\/wp-json\/wp\/v2\/media\/30322"}],"wp:attachment":[{"href":"https:\/\/radioimprensa.com.br\/index.php\/wp-json\/wp\/v2\/media?parent=36595"}],"wp:term":[{"taxonomy":"category","embeddable":true,"href":"https:\/\/radioimprensa.com.br\/index.php\/wp-json\/wp\/v2\/categories?post=36595"},{"taxonomy":"post_tag","embeddable":true,"href":"https:\/\/radioimprensa.com.br\/index.php\/wp-json\/wp\/v2\/tags?post=36595"}],"curies":[{"name":"wp","href":"https:\/\/api.w.org\/{rel}","templated":true}]}}