{"id":36721,"date":"2025-05-08T11:20:20","date_gmt":"2025-05-08T14:20:20","guid":{"rendered":"https:\/\/radioimprensa.com.br\/?p=36721"},"modified":"2025-05-08T11:20:45","modified_gmt":"2025-05-08T14:20:45","slug":"sao-paulo-sera-uma-das-sedes-da-copa-do-mundo-de-futebol-feminino-em-2027","status":"publish","type":"post","link":"https:\/\/radioimprensa.com.br\/index.php\/2025\/05\/08\/sao-paulo-sera-uma-das-sedes-da-copa-do-mundo-de-futebol-feminino-em-2027\/","title":{"rendered":"S\u00e3o Paulo ser\u00e1 uma das sedes da Copa do Mundo Feminina, em 2027"},"content":{"rendered":"\n<p>Agora \u00e9 oficial: a cidade de S\u00e3o Paulo ser\u00e1 sede da Copa do Mundo Feminina da Fifa 2027. O an\u00fancio foi feito ontem (07), em cerim\u00f4nia realizada na sede da FIFA, na Su\u00ed\u00e7a.<\/p>\n\n\n\n<p>Os jogos da competi\u00e7\u00e3o acontecer\u00e3o na Arena Itaquera. Na Copa masculina de 2014, o est\u00e1dio abrigou a abertura do torneio, duelo entre Brasil x Cro\u00e1cia, e mais cinco jogos, incluindo uma semifinal.<\/p>\n\n\n\n<p>A tabela de jogos com as 32 sele\u00e7\u00f5es participantes s\u00f3 ser\u00e1 definida em 2026, ap\u00f3s o encerramento das eliminat\u00f3rias continentais. O Brasil, por ser o dono da casa, est\u00e1 automaticamente classificado.<\/p>\n\n\n\n<p>Essa ser\u00e1 a 10\u00aa edi\u00e7\u00e3o da Copa do Mundo Feminina, a primeira em solo sul-americano. Os Estados Unidos s\u00e3o o pa\u00eds que mais venceram o torneio, com quatro t\u00edtulos. O Brasil ainda busca seu primeiro trof\u00e9u. Em 2007, foi vice ao perder para a Alemanha. A campe\u00e3 da \u00faltima edi\u00e7\u00e3o, em 2023, foi a Espanha<\/p>\n\n\n\n<p>Embora n\u00e3o tenha a estrelinha de campe\u00e3o bordada na camisa, o Brasil det\u00e9m recordes importantes na Copa. A atacante Marta \u00e9 a maior artilheira da hist\u00f3ria da competi\u00e7\u00e3o, com 17 gols em 20 jogos. J\u00e1 a ex-volante Formiga \u00e9 a \u00fanica atleta, no masculino ou feminino, a ter jogado sete Copas: ela foi a campo nas edi\u00e7\u00f5es de 1995, 1999, 2003, 2007, 2011, 2015 e 2019.<\/p>\n\n\n\n<p>A Copa do Mundo Feminina da Fifa 2027come\u00e7ar\u00e1 no dia 24 de junho e a final est\u00e1 prevista para 25 de julho.<br>Fonte: Ag\u00eancia SP \/ Foto: Arquivo AFP<\/p>\n","protected":false},"excerpt":{"rendered":"<p>Agora \u00e9 oficial: a cidade de S\u00e3o Paulo ser\u00e1 sede da Copa do Mundo Feminina da Fifa 2027. O an\u00fancio foi feito ontem (07), em cerim\u00f4nia realizada na sede da FIFA, na Su\u00ed\u00e7a. Os jogos da competi\u00e7\u00e3o acontecer\u00e3o na Arena Itaquera. Na Copa masculina de 2014, o est\u00e1dio abrigou a abertura do torneio, duelo entre &hellip; <\/p>\n","protected":false},"author":1,"featured_media":28964,"comment_status":"open","ping_status":"open","sticky":false,"template":"","format":"standard","meta":{"footnotes":""},"categories":[4],"tags":[],"class_list":["post-36721","post","type-post","status-publish","format-standard","has-post-thumbnail","hentry","category-noticias"],"_links":{"self":[{"href":"https:\/\/radioimprensa.com.br\/index.php\/wp-json\/wp\/v2\/posts\/36721","targetHints":{"allow":["GET"]}}],"collection":[{"href":"https:\/\/radioimprensa.com.br\/index.php\/wp-json\/wp\/v2\/posts"}],"about":[{"href":"https:\/\/radioimprensa.com.br\/index.php\/wp-json\/wp\/v2\/types\/post"}],"author":[{"embeddable":true,"href":"https:\/\/radioimprensa.com.br\/index.php\/wp-json\/wp\/v2\/users\/1"}],"replies":[{"embeddable":true,"href":"https:\/\/radioimprensa.com.br\/index.php\/wp-json\/wp\/v2\/comments?post=36721"}],"version-history":[{"count":2,"href":"https:\/\/radioimprensa.com.br\/index.php\/wp-json\/wp\/v2\/posts\/36721\/revisions"}],"predecessor-version":[{"id":36723,"href":"https:\/\/radioimprensa.com.br\/index.php\/wp-json\/wp\/v2\/posts\/36721\/revisions\/36723"}],"wp:featuredmedia":[{"embeddable":true,"href":"https:\/\/radioimprensa.com.br\/index.php\/wp-json\/wp\/v2\/media\/28964"}],"wp:attachment":[{"href":"https:\/\/radioimprensa.com.br\/index.php\/wp-json\/wp\/v2\/media?parent=36721"}],"wp:term":[{"taxonomy":"category","embeddable":true,"href":"https:\/\/radioimprensa.com.br\/index.php\/wp-json\/wp\/v2\/categories?post=36721"},{"taxonomy":"post_tag","embeddable":true,"href":"https:\/\/radioimprensa.com.br\/index.php\/wp-json\/wp\/v2\/tags?post=36721"}],"curies":[{"name":"wp","href":"https:\/\/api.w.org\/{rel}","templated":true}]}}