{"id":36735,"date":"2025-05-12T11:13:38","date_gmt":"2025-05-12T14:13:38","guid":{"rendered":"https:\/\/radioimprensa.com.br\/?p=36735"},"modified":"2025-05-12T11:13:40","modified_gmt":"2025-05-12T14:13:40","slug":"inscricoes-para-vestibulinho-das-etecs-estao-abertas","status":"publish","type":"post","link":"https:\/\/radioimprensa.com.br\/index.php\/2025\/05\/12\/inscricoes-para-vestibulinho-das-etecs-estao-abertas\/","title":{"rendered":"Inscri\u00e7\u00f5es para Vestibulinho das ETECs est\u00e3o abertas"},"content":{"rendered":"\n<p>As Escolas T\u00e9cnicas Estaduais (Etecs) est\u00e3o com inscri\u00e7\u00f5es abertas para o Vestibulinho do segundo semestre. Os candidatos devem fazer a inscri\u00e7\u00e3o at\u00e9 dia 10 de junho, exclusivamente, pelo novo site do processo seletivo:\u00a0vestibulinho.etec.sp.gov.br. O valor da taxa \u00e9 de R$ 30 e a prova ser\u00e1 aplicada no dia 6 de julho, \u00e0s 13h30. Esta \u00e9 uma oportunidade para quem deseja qualifica\u00e7\u00e3o profissional t\u00e9cnica gratuita e de qualidade.<\/p>\n\n\n\n<p>O Centro Paula Souza (CPS) oferece 36.346 vagas em cursos t\u00e9cnicos, especializa\u00e7\u00f5es t\u00e9cnicas e vagas remanescentes de segundo m\u00f3dulo, para as unidades de todo o Estado de S\u00e3o Paulo. As op\u00e7\u00f5es de estudo est\u00e3o distribu\u00eddas nas modalidades presencial, semipresencial e online.<\/p>\n\n\n\n<p>As vagas s\u00e3o destinadas \u00e0s Escolas T\u00e9cnicas e \u00e0s classes descentralizadas \u2013 unidades que oferecem um ou mais cursos t\u00e9cnicos sob a administra\u00e7\u00e3o de uma Etec, por meio de parcerias com prefeituras do interior e da Capital (aulas nos CEUs), al\u00e9m da Secretaria Estadual da Educa\u00e7\u00e3o (oferta do Ensino T\u00e9cnico em salas de escolas estaduais).<\/p>\n\n\n\n<p><strong>Calend\u00e1rio do Vestibulinho das Etecs \u2013 2\u00ba semestre de 2025<\/strong><\/p>\n\n\n\n<ul class=\"wp-block-list\">\n<li><strong>12 a 15 de maio:<\/strong>\u00a0solicita\u00e7\u00e3o de redu\u00e7\u00e3o da taxa de inscri\u00e7\u00e3o<\/li>\n\n\n\n<li><strong>12 de maio at\u00e9 10 de junho:<\/strong>\u00a0inscri\u00e7\u00f5es para o Vestibulinho das Etecs<\/li>\n\n\n\n<li><strong>26 de junho:<\/strong>\u00a0divulga\u00e7\u00e3o dos locais de prova<\/li>\n\n\n\n<li><strong>6 de julho, \u00e0s 13h30:<\/strong>\u00a0realiza\u00e7\u00e3o da prova<\/li>\n\n\n\n<li><strong>7 de julho, a partir das 15 horas:<\/strong>\u00a0divulga\u00e7\u00e3o dos gabaritos oficiais<\/li>\n\n\n\n<li><strong>10 de julho, a partir das 16 horas:\u00a0<\/strong>divulga\u00e7\u00e3o da classifica\u00e7\u00e3o geral<\/li>\n<\/ul>\n\n\n\n<p>Fonte: Ag\u00eancia CP \/ Foto: Divulga\u00e7\u00e3o<\/p>\n","protected":false},"excerpt":{"rendered":"<p>As Escolas T\u00e9cnicas Estaduais (Etecs) est\u00e3o com inscri\u00e7\u00f5es abertas para o Vestibulinho do segundo semestre. Os candidatos devem fazer a inscri\u00e7\u00e3o at\u00e9 dia 10 de junho, exclusivamente, pelo novo site do processo seletivo:\u00a0vestibulinho.etec.sp.gov.br. O valor da taxa \u00e9 de R$ 30 e a prova ser\u00e1 aplicada no dia 6 de julho, \u00e0s 13h30. Esta \u00e9 &hellip; <\/p>\n","protected":false},"author":1,"featured_media":20334,"comment_status":"open","ping_status":"open","sticky":false,"template":"","format":"standard","meta":{"footnotes":""},"categories":[4],"tags":[],"class_list":["post-36735","post","type-post","status-publish","format-standard","has-post-thumbnail","hentry","category-noticias"],"_links":{"self":[{"href":"https:\/\/radioimprensa.com.br\/index.php\/wp-json\/wp\/v2\/posts\/36735","targetHints":{"allow":["GET"]}}],"collection":[{"href":"https:\/\/radioimprensa.com.br\/index.php\/wp-json\/wp\/v2\/posts"}],"about":[{"href":"https:\/\/radioimprensa.com.br\/index.php\/wp-json\/wp\/v2\/types\/post"}],"author":[{"embeddable":true,"href":"https:\/\/radioimprensa.com.br\/index.php\/wp-json\/wp\/v2\/users\/1"}],"replies":[{"embeddable":true,"href":"https:\/\/radioimprensa.com.br\/index.php\/wp-json\/wp\/v2\/comments?post=36735"}],"version-history":[{"count":1,"href":"https:\/\/radioimprensa.com.br\/index.php\/wp-json\/wp\/v2\/posts\/36735\/revisions"}],"predecessor-version":[{"id":36736,"href":"https:\/\/radioimprensa.com.br\/index.php\/wp-json\/wp\/v2\/posts\/36735\/revisions\/36736"}],"wp:featuredmedia":[{"embeddable":true,"href":"https:\/\/radioimprensa.com.br\/index.php\/wp-json\/wp\/v2\/media\/20334"}],"wp:attachment":[{"href":"https:\/\/radioimprensa.com.br\/index.php\/wp-json\/wp\/v2\/media?parent=36735"}],"wp:term":[{"taxonomy":"category","embeddable":true,"href":"https:\/\/radioimprensa.com.br\/index.php\/wp-json\/wp\/v2\/categories?post=36735"},{"taxonomy":"post_tag","embeddable":true,"href":"https:\/\/radioimprensa.com.br\/index.php\/wp-json\/wp\/v2\/tags?post=36735"}],"curies":[{"name":"wp","href":"https:\/\/api.w.org\/{rel}","templated":true}]}}