{"id":36790,"date":"2025-05-28T11:23:29","date_gmt":"2025-05-28T14:23:29","guid":{"rendered":"https:\/\/radioimprensa.com.br\/?p=36790"},"modified":"2025-05-28T11:23:30","modified_gmt":"2025-05-28T14:23:30","slug":"camara-aprova-pena-maior-para-crime-contra-profissionais-da-saude","status":"publish","type":"post","link":"https:\/\/radioimprensa.com.br\/index.php\/2025\/05\/28\/camara-aprova-pena-maior-para-crime-contra-profissionais-da-saude\/","title":{"rendered":"C\u00e2mara aprova pena maior para crime contra profissionais da sa\u00fade"},"content":{"rendered":"\n<p>A C\u00e2mara dos Deputados aprovou, nesta ter\u00e7a-feira (27), o Projeto de Lei (PL) 6.749\/16, que aumenta a pena para crimes de homic\u00eddio praticados contra profissional de sa\u00fade no exerc\u00edcio da profiss\u00e3o ou em decorr\u00eancia dela.\u00a0O texto segue para an\u00e1lise do Senado.\u00a0<img decoding=\"async\" src=\"https:\/\/agenciabrasil.ebc.com.br\/ebc.png?id=1644423&amp;o=node\"><img decoding=\"async\" src=\"https:\/\/agenciabrasil.ebc.com.br\/ebc.gif?id=1644423&amp;o=node\"><\/p>\n\n\n\n<p>A proposta tipifica como hediondo o crime de homic\u00eddio contra esses profissionais. Caso o projeto seja aprovado na casa revisora, a pena padr\u00e3o de homic\u00eddio, de reclus\u00e3o de 6 a 20 anos, passa a ser de 12 a 30 anos.<\/p>\n\n\n\n<p>Segundo o relator, deputado Bruno Farias (Avante-MG), a principal raz\u00e3o para estabelecer essa prote\u00e7\u00e3o \u00e9 a necessidade de assegurar a integridade f\u00edsica e mental dos profissionais, diante do aumento de casos de viol\u00eancia no ambiente de trabalho.<\/p>\n\n\n\n<blockquote class=\"wp-block-quote is-layout-flow wp-block-quote-is-layout-flow\">\n<p>Al\u00e9m do homic\u00eddio, o projeto na lista dos crimes hediondos, les\u00e3o corporal de natureza grav\u00edssima ou les\u00e3o seguida de morte praticada contra os profissionais da sa\u00fade no exerc\u00edcio da profiss\u00e3o.<\/p>\n\n\n\n<p>O crime de les\u00e3o ser\u00e1 considerado hediondo se atingir c\u00f4njuge, companheiro ou parente consangu\u00edneo at\u00e9 o terceiro grau em raz\u00e3o do v\u00ednculo.<\/p>\n\n\n\n<p>Outro ponto do projeto dobra a pena para o crime de constrangimento ilegal, quando, o crime for praticado contra profissionais da sa\u00fade no exerc\u00edcio de suas fun\u00e7\u00f5es ou em decorr\u00eancia dela.<\/p>\n\n\n\n<p>Fonte: Ag\u00eancia Brasil \/ Foto: Joedson Alves, Arquivo Ag\u00eancia Brasil<\/p>\n<\/blockquote>\n","protected":false},"excerpt":{"rendered":"<p>A C\u00e2mara dos Deputados aprovou, nesta ter\u00e7a-feira (27), o Projeto de Lei (PL) 6.749\/16, que aumenta a pena para crimes de homic\u00eddio praticados contra profissional de sa\u00fade no exerc\u00edcio da profiss\u00e3o ou em decorr\u00eancia dela.\u00a0O texto segue para an\u00e1lise do Senado.\u00a0 A proposta tipifica como hediondo o crime de homic\u00eddio contra esses profissionais. Caso o &hellip; <\/p>\n","protected":false},"author":1,"featured_media":36791,"comment_status":"open","ping_status":"open","sticky":false,"template":"","format":"standard","meta":{"footnotes":""},"categories":[4],"tags":[],"class_list":["post-36790","post","type-post","status-publish","format-standard","has-post-thumbnail","hentry","category-noticias"],"_links":{"self":[{"href":"https:\/\/radioimprensa.com.br\/index.php\/wp-json\/wp\/v2\/posts\/36790","targetHints":{"allow":["GET"]}}],"collection":[{"href":"https:\/\/radioimprensa.com.br\/index.php\/wp-json\/wp\/v2\/posts"}],"about":[{"href":"https:\/\/radioimprensa.com.br\/index.php\/wp-json\/wp\/v2\/types\/post"}],"author":[{"embeddable":true,"href":"https:\/\/radioimprensa.com.br\/index.php\/wp-json\/wp\/v2\/users\/1"}],"replies":[{"embeddable":true,"href":"https:\/\/radioimprensa.com.br\/index.php\/wp-json\/wp\/v2\/comments?post=36790"}],"version-history":[{"count":1,"href":"https:\/\/radioimprensa.com.br\/index.php\/wp-json\/wp\/v2\/posts\/36790\/revisions"}],"predecessor-version":[{"id":36792,"href":"https:\/\/radioimprensa.com.br\/index.php\/wp-json\/wp\/v2\/posts\/36790\/revisions\/36792"}],"wp:featuredmedia":[{"embeddable":true,"href":"https:\/\/radioimprensa.com.br\/index.php\/wp-json\/wp\/v2\/media\/36791"}],"wp:attachment":[{"href":"https:\/\/radioimprensa.com.br\/index.php\/wp-json\/wp\/v2\/media?parent=36790"}],"wp:term":[{"taxonomy":"category","embeddable":true,"href":"https:\/\/radioimprensa.com.br\/index.php\/wp-json\/wp\/v2\/categories?post=36790"},{"taxonomy":"post_tag","embeddable":true,"href":"https:\/\/radioimprensa.com.br\/index.php\/wp-json\/wp\/v2\/tags?post=36790"}],"curies":[{"name":"wp","href":"https:\/\/api.w.org\/{rel}","templated":true}]}}