{"id":36800,"date":"2025-06-04T10:32:37","date_gmt":"2025-06-04T13:32:37","guid":{"rendered":"https:\/\/radioimprensa.com.br\/?p=36800"},"modified":"2025-06-04T10:32:38","modified_gmt":"2025-06-04T13:32:38","slug":"ex-dirigente-do-flamengo-marcos-braz-e-apresentado-no-remo","status":"publish","type":"post","link":"https:\/\/radioimprensa.com.br\/index.php\/2025\/06\/04\/ex-dirigente-do-flamengo-marcos-braz-e-apresentado-no-remo\/","title":{"rendered":"Ex-dirigente do Flamengo, Marcos Braz, \u00e9 apresentado no Remo"},"content":{"rendered":"\n<p>Ex-vice-presidente de futebol do\u00a0Flamengo, Marcos Braz foi apresentado ontem (3) como novo executivo de futebol do\u00a0Clube do Remo. O dirigente assume o cargo que era de S\u00e9rgio Papellin, que deixou o Le\u00e3o do Norte ao aceitar proposta do\u00a0Fortaleza.<\/p>\n\n\n\n<p>Braz deixou o Rubro-Negro em dezembro, com o fim da gest\u00e3o de Rodolfo Landim e a chegada do novo presidente do clube, Luiz Eduardo Baptista, o Bap. Ele ter\u00e1 a miss\u00e3o de levar o Remo de volta \u00e0 elite do Campeonato Brasileiro; atualmente, a equipe ocupa a sexta posi\u00e7\u00e3o da S\u00e9rie B. Em entrevista coletiva, o executivo exaltou a grandeza do projeto e disse que a conex\u00e3o com o estado do Par\u00e1 influenciou na decis\u00e3o de aceitar o convite.<\/p>\n\n\n\n<p>&#8220;Eu queria deixar claro que tenho uma rela\u00e7\u00e3o com o estado do Par\u00e1 antiga. Talvez as pessoas possam achar que eu esteja dizendo isso para ser politicamente correto, mas quem me conhece sabe que n\u00e3o sou assim. Eu tenho amigos aqui, que n\u00e3o s\u00e3o da diretoria do Remo, s\u00e3o amigos antigos, mas sempre tive rela\u00e7\u00e3o com a cidade, sempre vim para c\u00e1. A grandeza do projeto e, principalmente, as pessoas envolvidas&#8221;, declarou o dirigente.<\/p>\n\n\n\n<p>Pelo Flamengo, Marcos Braz esteve \u00e0 frente de muitos t\u00edtulos entre 2019 e 2024. Ele fez parte das conquistas de quatro Campeonatos Cariocas, duas edi\u00e7\u00f5es de Campeonato Brasileiro, duas Copas do Brasil, duas Libertadores e duas Recopas Sul-Americana.<\/p>\n\n\n\n<p>Fonte: Lance \/ Foto: Divulga\u00e7\u00e3o, Clube do Remo<\/p>\n","protected":false},"excerpt":{"rendered":"<p>Ex-vice-presidente de futebol do\u00a0Flamengo, Marcos Braz foi apresentado ontem (3) como novo executivo de futebol do\u00a0Clube do Remo. O dirigente assume o cargo que era de S\u00e9rgio Papellin, que deixou o Le\u00e3o do Norte ao aceitar proposta do\u00a0Fortaleza. Braz deixou o Rubro-Negro em dezembro, com o fim da gest\u00e3o de Rodolfo Landim e a chegada &hellip; <\/p>\n","protected":false},"author":1,"featured_media":36801,"comment_status":"open","ping_status":"open","sticky":false,"template":"","format":"standard","meta":{"footnotes":""},"categories":[4],"tags":[],"class_list":["post-36800","post","type-post","status-publish","format-standard","has-post-thumbnail","hentry","category-noticias"],"_links":{"self":[{"href":"https:\/\/radioimprensa.com.br\/index.php\/wp-json\/wp\/v2\/posts\/36800","targetHints":{"allow":["GET"]}}],"collection":[{"href":"https:\/\/radioimprensa.com.br\/index.php\/wp-json\/wp\/v2\/posts"}],"about":[{"href":"https:\/\/radioimprensa.com.br\/index.php\/wp-json\/wp\/v2\/types\/post"}],"author":[{"embeddable":true,"href":"https:\/\/radioimprensa.com.br\/index.php\/wp-json\/wp\/v2\/users\/1"}],"replies":[{"embeddable":true,"href":"https:\/\/radioimprensa.com.br\/index.php\/wp-json\/wp\/v2\/comments?post=36800"}],"version-history":[{"count":1,"href":"https:\/\/radioimprensa.com.br\/index.php\/wp-json\/wp\/v2\/posts\/36800\/revisions"}],"predecessor-version":[{"id":36802,"href":"https:\/\/radioimprensa.com.br\/index.php\/wp-json\/wp\/v2\/posts\/36800\/revisions\/36802"}],"wp:featuredmedia":[{"embeddable":true,"href":"https:\/\/radioimprensa.com.br\/index.php\/wp-json\/wp\/v2\/media\/36801"}],"wp:attachment":[{"href":"https:\/\/radioimprensa.com.br\/index.php\/wp-json\/wp\/v2\/media?parent=36800"}],"wp:term":[{"taxonomy":"category","embeddable":true,"href":"https:\/\/radioimprensa.com.br\/index.php\/wp-json\/wp\/v2\/categories?post=36800"},{"taxonomy":"post_tag","embeddable":true,"href":"https:\/\/radioimprensa.com.br\/index.php\/wp-json\/wp\/v2\/tags?post=36800"}],"curies":[{"name":"wp","href":"https:\/\/api.w.org\/{rel}","templated":true}]}}