{"id":36840,"date":"2025-06-18T10:51:36","date_gmt":"2025-06-18T13:51:36","guid":{"rendered":"https:\/\/radioimprensa.com.br\/?p=36840"},"modified":"2025-06-18T10:51:38","modified_gmt":"2025-06-18T13:51:38","slug":"feriadao-deve-movimentar-mais-de-16-milhoes-de-veiculos-nas-vias-concedidas-de-sp","status":"publish","type":"post","link":"https:\/\/radioimprensa.com.br\/index.php\/2025\/06\/18\/feriadao-deve-movimentar-mais-de-16-milhoes-de-veiculos-nas-vias-concedidas-de-sp\/","title":{"rendered":"Feriad\u00e3o deve movimentar mais de 16 milh\u00f5es de ve\u00edculos nas vias concedidas de SP"},"content":{"rendered":"\n<p>Os dias facultativos de Corpus Christi dever\u00e1 ter tr\u00e1fego intenso nas rodovias concedidas do estado de S\u00e3o Paulo. A expectativa \u00e9 de que mais de 16,1 milh\u00f5es de ve\u00edculos circulem pelas estradas que conectam a capital, o interior e o litoral durante o per\u00edodo.<\/p>\n\n\n\n<p>No Sistema Anchieta-Imigrantes (SAI), administrado pela concession\u00e1ria Ecovias, a estimativa \u00e9 de que 635.211 ve\u00edculos utilizem o sistema. Para garantir a fluidez, a opera\u00e7\u00e3o prev\u00ea o aumento de recursos como guinchos e equipes de inspe\u00e7\u00e3o de tr\u00e1fego. Poder\u00e3o ser implementadas opera\u00e7\u00f5es especiais no trecho de Serra, como a Opera\u00e7\u00e3o 7\u00d73 e a 2\u00d78, para ajustar a capacidade das pistas conforme a demanda.<\/p>\n\n\n\n<p>O Sistema Anhanguera-Bandeirantes, sob gest\u00e3o da AutoBan, deve receber um total de 930.960 ve\u00edculos durante o feriado.<\/p>\n\n\n\n<p>No Sistema Castello-Raposo, operado pela Nova Raposo, estima-se a circula\u00e7\u00e3o de 1.675.111 ve\u00edculos durante o per\u00edodo.<\/p>\n\n\n\n<p>O Corredor Ayrton Senna\/Carvalho Pinto, sob administra\u00e7\u00e3o da Ecovias Leste Paulista, prev\u00ea uma movimenta\u00e7\u00e3o de 1.283.294 ve\u00edculos.<\/p>\n\n\n\n<p>Na Rodovia dos Tamoios, cerca de 126.282 ve\u00edculos devem circular pelo trecho. A concession\u00e1ria manter\u00e1 a opera\u00e7\u00e3o padr\u00e3o com duas pistas para descida e duas para subida.<\/p>\n\n\n\n<p>O Rodoanel M\u00e1rio Covas tem previs\u00e3o de receber um fluxo superior a 1,8 milh\u00e3o de ve\u00edculos, somando os trechos Oeste (1.137.329) e Sul\/Leste, administrados pela SPMar (720.804)<\/p>\n\n\n\n<p>Fonte: Ag\u00eancia SP \/ Foto: Arquivo R\u00e1dio Imprensa<\/p>\n","protected":false},"excerpt":{"rendered":"<p>Os dias facultativos de Corpus Christi dever\u00e1 ter tr\u00e1fego intenso nas rodovias concedidas do estado de S\u00e3o Paulo. A expectativa \u00e9 de que mais de 16,1 milh\u00f5es de ve\u00edculos circulem pelas estradas que conectam a capital, o interior e o litoral durante o per\u00edodo. No Sistema Anchieta-Imigrantes (SAI), administrado pela concession\u00e1ria Ecovias, a estimativa \u00e9 &hellip; <\/p>\n","protected":false},"author":1,"featured_media":27749,"comment_status":"open","ping_status":"open","sticky":false,"template":"","format":"standard","meta":{"footnotes":""},"categories":[1],"tags":[],"class_list":["post-36840","post","type-post","status-publish","format-standard","has-post-thumbnail","hentry","category-sem-categoria"],"_links":{"self":[{"href":"https:\/\/radioimprensa.com.br\/index.php\/wp-json\/wp\/v2\/posts\/36840","targetHints":{"allow":["GET"]}}],"collection":[{"href":"https:\/\/radioimprensa.com.br\/index.php\/wp-json\/wp\/v2\/posts"}],"about":[{"href":"https:\/\/radioimprensa.com.br\/index.php\/wp-json\/wp\/v2\/types\/post"}],"author":[{"embeddable":true,"href":"https:\/\/radioimprensa.com.br\/index.php\/wp-json\/wp\/v2\/users\/1"}],"replies":[{"embeddable":true,"href":"https:\/\/radioimprensa.com.br\/index.php\/wp-json\/wp\/v2\/comments?post=36840"}],"version-history":[{"count":1,"href":"https:\/\/radioimprensa.com.br\/index.php\/wp-json\/wp\/v2\/posts\/36840\/revisions"}],"predecessor-version":[{"id":36841,"href":"https:\/\/radioimprensa.com.br\/index.php\/wp-json\/wp\/v2\/posts\/36840\/revisions\/36841"}],"wp:featuredmedia":[{"embeddable":true,"href":"https:\/\/radioimprensa.com.br\/index.php\/wp-json\/wp\/v2\/media\/27749"}],"wp:attachment":[{"href":"https:\/\/radioimprensa.com.br\/index.php\/wp-json\/wp\/v2\/media?parent=36840"}],"wp:term":[{"taxonomy":"category","embeddable":true,"href":"https:\/\/radioimprensa.com.br\/index.php\/wp-json\/wp\/v2\/categories?post=36840"},{"taxonomy":"post_tag","embeddable":true,"href":"https:\/\/radioimprensa.com.br\/index.php\/wp-json\/wp\/v2\/tags?post=36840"}],"curies":[{"name":"wp","href":"https:\/\/api.w.org\/{rel}","templated":true}]}}