{"id":36843,"date":"2025-06-23T10:50:33","date_gmt":"2025-06-23T13:50:33","guid":{"rendered":"https:\/\/radioimprensa.com.br\/?p=36843"},"modified":"2025-06-23T10:50:34","modified_gmt":"2025-06-23T13:50:34","slug":"consultas-ao-2o-lote-da-restituicao-do-ir-ja-esta-disponivel-na-internet","status":"publish","type":"post","link":"https:\/\/radioimprensa.com.br\/index.php\/2025\/06\/23\/consultas-ao-2o-lote-da-restituicao-do-ir-ja-esta-disponivel-na-internet\/","title":{"rendered":"Consultas ao 2\u00ba lote da restitui\u00e7\u00e3o do IR j\u00e1 est\u00e1 dispon\u00edvel na internet"},"content":{"rendered":"\n<p>A Receita Federal abriu nesta segunda-feira, 23, as consultas ao 2\u00ba lote da restitui\u00e7\u00e3o do Imposto de Renda 2025. Desde \u00e0s 10h, os contribuintes j\u00e1 podem visitar o portal do \u00f3rg\u00e3o para verificarem se est\u00e3o entre os listados que receber\u00e3o os valores a que t\u00eam direito, em suas contas informadas, no pr\u00f3ximo dia 30.<\/p>\n\n\n\n<p>O lote totaliza R$ 11 bilh\u00f5es em cr\u00e9ditos e deve contemplar 6.545.322 pessoas. Para saber se a restitui\u00e7\u00e3o est\u00e1 dispon\u00edvel, o contribuinte deve acessar a p\u00e1gina da Receita na internet, depois clicar em &#8220;Meu Imposto de Renda&#8221; e, em seguida, em &#8220;Consultar a Restitui\u00e7\u00e3o&#8221;.<\/p>\n\n\n\n<p>Segundo a Receita Federal, o 2\u00ba lote contempla:<\/p>\n\n\n\n<ul class=\"wp-block-list\">\n<li>148.090 restitui\u00e7\u00f5es para idosos acima de 80 anos;<\/li>\n\n\n\n<li>1.044.585 restitui\u00e7\u00f5es para contribuintes entre 60 e 79 anos;<\/li>\n\n\n\n<li>91.363 restitui\u00e7\u00f5es para contribuintes com alguma defici\u00eancia f\u00edsica, mental ou mol\u00e9stia grave;<\/li>\n\n\n\n<li>496.650 restitui\u00e7\u00f5es para contribuintes cuja maior fonte de renda seja o magist\u00e9rio;<\/li>\n\n\n\n<li>4.764.634 contribuintes que receberam prioridade por utilizarem a declara\u00e7\u00e3o pr\u00e9-preenchida ou optaram por receber a restitui\u00e7\u00e3o via Pix.<\/li>\n<\/ul>\n\n\n\n<p>Fonte: Portal Terra \/ Foto: Divulga\u00e7\u00e3o<\/p>\n","protected":false},"excerpt":{"rendered":"<p>A Receita Federal abriu nesta segunda-feira, 23, as consultas ao 2\u00ba lote da restitui\u00e7\u00e3o do Imposto de Renda 2025. Desde \u00e0s 10h, os contribuintes j\u00e1 podem visitar o portal do \u00f3rg\u00e3o para verificarem se est\u00e3o entre os listados que receber\u00e3o os valores a que t\u00eam direito, em suas contas informadas, no pr\u00f3ximo dia 30. O &hellip; <\/p>\n","protected":false},"author":1,"featured_media":22696,"comment_status":"open","ping_status":"open","sticky":false,"template":"","format":"standard","meta":{"footnotes":""},"categories":[4],"tags":[],"class_list":["post-36843","post","type-post","status-publish","format-standard","has-post-thumbnail","hentry","category-noticias"],"_links":{"self":[{"href":"https:\/\/radioimprensa.com.br\/index.php\/wp-json\/wp\/v2\/posts\/36843","targetHints":{"allow":["GET"]}}],"collection":[{"href":"https:\/\/radioimprensa.com.br\/index.php\/wp-json\/wp\/v2\/posts"}],"about":[{"href":"https:\/\/radioimprensa.com.br\/index.php\/wp-json\/wp\/v2\/types\/post"}],"author":[{"embeddable":true,"href":"https:\/\/radioimprensa.com.br\/index.php\/wp-json\/wp\/v2\/users\/1"}],"replies":[{"embeddable":true,"href":"https:\/\/radioimprensa.com.br\/index.php\/wp-json\/wp\/v2\/comments?post=36843"}],"version-history":[{"count":1,"href":"https:\/\/radioimprensa.com.br\/index.php\/wp-json\/wp\/v2\/posts\/36843\/revisions"}],"predecessor-version":[{"id":36844,"href":"https:\/\/radioimprensa.com.br\/index.php\/wp-json\/wp\/v2\/posts\/36843\/revisions\/36844"}],"wp:featuredmedia":[{"embeddable":true,"href":"https:\/\/radioimprensa.com.br\/index.php\/wp-json\/wp\/v2\/media\/22696"}],"wp:attachment":[{"href":"https:\/\/radioimprensa.com.br\/index.php\/wp-json\/wp\/v2\/media?parent=36843"}],"wp:term":[{"taxonomy":"category","embeddable":true,"href":"https:\/\/radioimprensa.com.br\/index.php\/wp-json\/wp\/v2\/categories?post=36843"},{"taxonomy":"post_tag","embeddable":true,"href":"https:\/\/radioimprensa.com.br\/index.php\/wp-json\/wp\/v2\/tags?post=36843"}],"curies":[{"name":"wp","href":"https:\/\/api.w.org\/{rel}","templated":true}]}}