{"id":36845,"date":"2025-06-23T10:59:09","date_gmt":"2025-06-23T13:59:09","guid":{"rendered":"https:\/\/radioimprensa.com.br\/?p=36845"},"modified":"2025-06-23T10:59:10","modified_gmt":"2025-06-23T13:59:10","slug":"governo-de-sao-paulo-volta-a-mobilizar-abrigo-na-estacao-pedro-ii","status":"publish","type":"post","link":"https:\/\/radioimprensa.com.br\/index.php\/2025\/06\/23\/governo-de-sao-paulo-volta-a-mobilizar-abrigo-na-estacao-pedro-ii\/","title":{"rendered":"Governo de S\u00e3o Paulo volta a mobilizar abrigo na Esta\u00e7\u00e3o Pedro II"},"content":{"rendered":"\n<p>A Defesa Civil do Estado de S\u00e3o Paulo alerta para a aproxima\u00e7\u00e3o e passagem de uma frente fria, prevista para esta segunda-feira (23), que dever\u00e1 provocar fortes chuvas em diversas regi\u00f5es do territ\u00f3rio paulista. H\u00e1 previs\u00e3o de raios, rajadas de vento e queda de granizo em pontos isolados, o que aumenta o risco de transtornos como alagamentos, quedas de \u00e1rvores entre outros. O alerta \u00e9 v\u00e1lido para todo o estado de S\u00e3o Paulo. Massa de ar polar seguir\u00e1 ap\u00f3s a frente fria e trar\u00e1 onda de frio para o estado.<\/p>\n\n\n\n<p>Com o avan\u00e7o da frente fria, entre ter\u00e7a-feira (24) e quarta-feira (25), uma massa de ar polar dever\u00e1 provocar uma queda acentuada das temperaturas em todo o Estado, com destaque para as madrugadas, quando s\u00e3o esperadas as menores m\u00ednimas.<\/p>\n\n\n\n<p>Como medida de prote\u00e7\u00e3o durante a passagem da frente fria, o Governo de S\u00e3o Paulo, por meio da Defesa Civil do Estado, em parceria com o Metr\u00f4 de S\u00e3o Paulo, Secretaria dos Transportes Metropolitanos, Secretaria de Desenvolvimento Social e Fundo Social, ativar\u00e1 o Abrigo Solid\u00e1rio na Esta\u00e7\u00e3o Pedro II, da Linha 3-Vermelha do Metr\u00f4.<\/p>\n\n\n\n<p>O espa\u00e7o funcionar\u00e1 das 19h00 de segunda-feira (23) at\u00e9 as 8h00 de quarta-feira (25), oferecendo acolhimento emergencial para pessoas em situa\u00e7\u00e3o de rua. Ser\u00e3o disponibilizados colch\u00f5es, cobertores, kits de higiene, al\u00e9m de alimenta\u00e7\u00e3o e atendimento social, al\u00e9m de abrigo e alimento tamb\u00e9m para os pets.<\/p>\n\n\n\n<p>No per\u00edodo da manh\u00e3, os acolhidos receber\u00e3o um ticket para tomarem caf\u00e9 da manh\u00e3 no restaurante Bom Prato da Rua 25 de Mar\u00e7o. A iniciativa tem como objetivo garantir prote\u00e7\u00e3o e abrigo durante o per\u00edodo mais cr\u00edtico&nbsp;de&nbsp;frio.<\/p>\n\n\n\n<p>Fonte: Ag\u00eancia SP \/ Foto: Ag\u00eancia SP, Divulga\u00e7\u00e3o Gov\/SP<\/p>\n","protected":false},"excerpt":{"rendered":"<p>A Defesa Civil do Estado de S\u00e3o Paulo alerta para a aproxima\u00e7\u00e3o e passagem de uma frente fria, prevista para esta segunda-feira (23), que dever\u00e1 provocar fortes chuvas em diversas regi\u00f5es do territ\u00f3rio paulista. H\u00e1 previs\u00e3o de raios, rajadas de vento e queda de granizo em pontos isolados, o que aumenta o risco de transtornos &hellip; <\/p>\n","protected":false},"author":1,"featured_media":36846,"comment_status":"open","ping_status":"open","sticky":false,"template":"","format":"standard","meta":{"footnotes":""},"categories":[4],"tags":[],"class_list":["post-36845","post","type-post","status-publish","format-standard","has-post-thumbnail","hentry","category-noticias"],"_links":{"self":[{"href":"https:\/\/radioimprensa.com.br\/index.php\/wp-json\/wp\/v2\/posts\/36845","targetHints":{"allow":["GET"]}}],"collection":[{"href":"https:\/\/radioimprensa.com.br\/index.php\/wp-json\/wp\/v2\/posts"}],"about":[{"href":"https:\/\/radioimprensa.com.br\/index.php\/wp-json\/wp\/v2\/types\/post"}],"author":[{"embeddable":true,"href":"https:\/\/radioimprensa.com.br\/index.php\/wp-json\/wp\/v2\/users\/1"}],"replies":[{"embeddable":true,"href":"https:\/\/radioimprensa.com.br\/index.php\/wp-json\/wp\/v2\/comments?post=36845"}],"version-history":[{"count":1,"href":"https:\/\/radioimprensa.com.br\/index.php\/wp-json\/wp\/v2\/posts\/36845\/revisions"}],"predecessor-version":[{"id":36847,"href":"https:\/\/radioimprensa.com.br\/index.php\/wp-json\/wp\/v2\/posts\/36845\/revisions\/36847"}],"wp:featuredmedia":[{"embeddable":true,"href":"https:\/\/radioimprensa.com.br\/index.php\/wp-json\/wp\/v2\/media\/36846"}],"wp:attachment":[{"href":"https:\/\/radioimprensa.com.br\/index.php\/wp-json\/wp\/v2\/media?parent=36845"}],"wp:term":[{"taxonomy":"category","embeddable":true,"href":"https:\/\/radioimprensa.com.br\/index.php\/wp-json\/wp\/v2\/categories?post=36845"},{"taxonomy":"post_tag","embeddable":true,"href":"https:\/\/radioimprensa.com.br\/index.php\/wp-json\/wp\/v2\/tags?post=36845"}],"curies":[{"name":"wp","href":"https:\/\/api.w.org\/{rel}","templated":true}]}}